{"id":1031,"date":"2016-09-05T20:48:44","date_gmt":"2016-09-05T18:48:44","guid":{"rendered":"http:\/\/www.carpathianclimb.sk\/?p=1031"},"modified":"2016-09-05T21:04:37","modified_gmt":"2016-09-05T19:04:37","slug":"zlanak-2016","status":"publish","type":"post","link":"https:\/\/www.carpathianclimb.sk\/?p=1031","title":{"rendered":"Zla\u0148\u00e1k 2016"},"content":{"rendered":"<p><label style=\"float: left; margin: 1px 10px 1px 0px;\"><a href=\"\/images\/clanky\/zlanak2016.jpg\" data-rel=\"lightbox-gallery-cHJldHR5UGhvdG9bZ2FsbGVyeS16bGFuYWsyMDE2XQ==\" data-rl_title=\"\" data-rl_caption=\"\" title=\"\"><img decoding=\"async\" src=\"\/images\/clanky\/zlanak2016.jpg\" style=\"width:250px\"><\/a><\/label>Zase sa n\u00e1m bl\u00ed\u017ei jesen a s \u0148ou aj rozl\u00fa\u010dka s letnou lezeckou sez\u00f3nou. Tradi\u010dn\u00e9 POSLEDN\u00c9 ZLANENIE na Paj\u0161t\u00fane je symbolick\u00fdm ukon\u010den\u00edm sez\u00f3ny, kde sa stret\u00e1vaju hlavne lezci a lezkyne z Bratislavy a bli\u017e\u0161ieho \u010di vzdialenej\u0161ieho okolia. <\/p>\n<p>Posledn\u00e9 zlanenie sa uskuto\u010dn\u00ed na Paj\u0161t\u00fane, v sobotu 15. 10. 2016, kde si m\u00f4\u017eeme zaliez\u0165 a symbolicky posledn\u00fd kr\u00e1t v tejto letnej sez\u00f3ne zlani\u0165. Ve\u010dern\u00fd program bude na Chate pod vrchom od cca 18:00.<\/p>\n<p>Program:<br \/>\ncca 9:00 \u2013 18:00 Paj\u0161t\u00fan \u2013 lezenie<br \/>\n18:00 \u2013 19:00 premietanie z leta (bude upresnen\u00e9)<br \/>\n19:00 \u2013 \u2026 vo\u013en\u00e1 z\u00e1bava<\/p>\n<p>Z d\u00f4vodu ochrany pr\u00edrody sme tohtoro\u010dn\u00fa brig\u00e1du na H\u00e1mroch presunuli z Bud\u00ed\u010dka na Zla\u0148\u00e1k. \u010ci\u017ee dobrovo\u013en\u00edci, ktor\u00ed bud\u00fa ochotn\u00ed a po \u0165a\u017ekom ve\u010deri aj schopn\u00ed v nede\u013eu pom\u00f4c\u0165, budeme radi ak prilo\u017eia ruku k dielu.<\/p>\n<p>Mo\u017enos\u0165 ubytovania na Chate pod vrchom za v\u00fdhodn\u00fa cenu 10 Eur\/osoba (potrebn\u00e9 si individu\u00e1lne rezervova\u0165 dopredu). Inak je mo\u017enos\u0165 spa\u0165 v stanoch alebo vo vlastn\u00fdch aut\u00e1ch na okolitom priestranstve.<br \/>\nPo\u010das d\u0148a bude mo\u017enos\u0165 si objedna\u0165 na ve\u010deru gul\u00e1\u0161 za 3,5\u20ac\/porcia .<\/p>\n<p>Nezabudnite si pribali\u0165 aj nejak\u00fd ten hudobn\u00fd n\u00e1stroj.<br \/>\nAkcia sa kon\u00e1 za ka\u017ed\u00e9ho po\u010dasia<\/p>\n<p>Te\u0161\u00edme sa na v\u00e1s.<\/p>\n<p>HK Filozof a Carpathian climbing club<\/p>\n","protected":false},"excerpt":{"rendered":"<p>Zase sa n\u00e1m bl\u00ed\u017ei jesen a s \u0148ou aj rozl\u00fa\u010dka s letnou lezeckou sez\u00f3nou. Tradi\u010dn\u00e9 POSLEDN\u00c9 ZLANENIE na Paj\u0161t\u00fane je symbolick\u00fdm ukon\u010den\u00edm sez\u00f3ny, kde sa stret\u00e1vaju hlavne lezci a lezkyne z Bratislavy a bli\u017e\u0161ieho \u010di vzdialenej\u0161ieho okolia. Posledn\u00e9 zlanenie sa uskuto\u010dn\u00ed na Paj\u0161t\u00fane, v sobotu 15. 10. 2016, kde si m\u00f4\u017eeme zaliez\u0165 a symbolicky posledn\u00fd &hellip; <a href=\"https:\/\/www.carpathianclimb.sk\/?p=1031\" class=\"more-link\">Pokra\u010dova\u0165 na <span class=\"screen-reader-text\">Zla\u0148\u00e1k 2016<\/span> <span class=\"meta-nav\">&rarr;<\/span><\/a><\/p>\n","protected":false},"author":1,"featured_media":0,"comment_status":"closed","ping_status":"open","sticky":false,"template":"","format":"standard","meta":{"footnotes":""},"categories":[1],"tags":[],"class_list":["post-1031","post","type-post","status-publish","format-standard","hentry","category-novinky"],"_links":{"self":[{"href":"https:\/\/www.carpathianclimb.sk\/index.php?rest_route=\/wp\/v2\/posts\/1031","targetHints":{"allow":["GET"]}}],"collection":[{"href":"https:\/\/www.carpathianclimb.sk\/index.php?rest_route=\/wp\/v2\/posts"}],"about":[{"href":"https:\/\/www.carpathianclimb.sk\/index.php?rest_route=\/wp\/v2\/types\/post"}],"author":[{"embeddable":true,"href":"https:\/\/www.carpathianclimb.sk\/index.php?rest_route=\/wp\/v2\/users\/1"}],"replies":[{"embeddable":true,"href":"https:\/\/www.carpathianclimb.sk\/index.php?rest_route=%2Fwp%2Fv2%2Fcomments&post=1031"}],"version-history":[{"count":4,"href":"https:\/\/www.carpathianclimb.sk\/index.php?rest_route=\/wp\/v2\/posts\/1031\/revisions"}],"predecessor-version":[{"id":1035,"href":"https:\/\/www.carpathianclimb.sk\/index.php?rest_route=\/wp\/v2\/posts\/1031\/revisions\/1035"}],"wp:attachment":[{"href":"https:\/\/www.carpathianclimb.sk\/index.php?rest_route=%2Fwp%2Fv2%2Fmedia&parent=1031"}],"wp:term":[{"taxonomy":"category","embeddable":true,"href":"https:\/\/www.carpathianclimb.sk\/index.php?rest_route=%2Fwp%2Fv2%2Fcategories&post=1031"},{"taxonomy":"post_tag","embeddable":true,"href":"https:\/\/www.carpathianclimb.sk\/index.php?rest_route=%2Fwp%2Fv2%2Ftags&post=1031"}],"curies":[{"name":"wp","href":"https:\/\/api.w.org\/{rel}","templated":true}]}}