{"id":1062,"date":"2017-01-15T22:58:12","date_gmt":"2017-01-15T20:58:12","guid":{"rendered":"http:\/\/www.carpathianclimb.sk\/?p=1062"},"modified":"2019-11-22T22:52:07","modified_gmt":"2019-11-22T20:52:07","slug":"lezecke-denniky-7-la-riba","status":"publish","type":"post","link":"https:\/\/www.carpathianclimb.sk\/?p=1062","title":{"rendered":"Lezeck\u00e9 denn\u00edky 7 &#8211; La Riba"},"content":{"rendered":"<div id=\"post-body-3282251931086307330\" class=\"post-body entry-content\">\n<div dir=\"ltr\" style=\"text-align: left;\">\n<div style=\"text-align: justify;\">Po vianociach na slovensku berieme pv\u00fd let do tepl\u00fdch kraj\u00edn z Bratislavy do Girony. Po prist\u00e1t\u00ed chv\u00ed\u013eu h\u013ead\u00e1me po\u017ei\u010dov\u0148u. S\u00edce v papieroch nie\u010do p\u00edsali o autobuse, ale z haly do\u013eava za roh a d\u00e1 sa to d\u00f4js\u0165 aj na pe\u0161o. Auto som bral economy, ale na moju rados\u0165 dost\u00e1vame Citroen C3 Picasso Diesel. Po \u00favodnom zozn\u00e1men\u00ed ideme do Airbnb v Barcelone, kde str\u00e1vime dve noci, z toho jednu Silvestrovsk\u00fa so \u0161ampansk\u00fdm na pl\u00e1\u017ei. Medzi t\u00fdm oblig\u00e1tna turistika cez mesto na bicykloch po\u017ei\u010dan\u00fdch od DonkeyRepublic.<\/div>\n<table class=\"tr-caption-container\" style=\"margin-left: auto; margin-right: auto; text-align: center;\" cellspacing=\"0\" cellpadding=\"0\" align=\"center\">\n<tbody>\n<tr>\n<td style=\"text-align: center;\"><a style=\"margin-left: auto; margin-right: auto;\" href=\"https:\/\/2.bp.blogspot.com\/-3mgc4FQ5-Co\/WG-3wcOqaJI\/AAAAAAAALmc\/yKr1Pl51-VgwHENp5XGnJvFQwwD0qgBJgCLcB\/s1600\/1-Barcelona.jpg\" data-rel=\"lightbox-gallery-HnJ37UTG\" data-rl_title=\"\" data-rl_caption=\"\" title=\"\"><img loading=\"lazy\" decoding=\"async\" src=\"https:\/\/2.bp.blogspot.com\/-3mgc4FQ5-Co\/WG-3wcOqaJI\/AAAAAAAALmc\/yKr1Pl51-VgwHENp5XGnJvFQwwD0qgBJgCLcB\/s320\/1-Barcelona.jpg\" alt=\"\" width=\"320\" height=\"240\" border=\"0\" \/><\/a><\/td>\n<\/tr>\n<tr>\n<td class=\"tr-caption\" style=\"text-align: center;\">Barcelona<\/td>\n<\/tr>\n<\/tbody>\n<\/table>\n<div style=\"text-align: justify;\">Prv\u00e9ho sa u\u017e neviem do\u010dka\u0165 kedy vypadnem zo smrad\u013eavej Barcelony a vyr\u00e1\u017eame cez dediny do regi\u00f3nu Tarragona oblasti La Riba. Cesta z Barcelony v pohode, ale u\u017e pri Tarragone vid\u00edme cez kopce sa preva\u013euj\u00facu hmlu. E\u0161te za svetla sa ideme prejs\u0165 spozna\u0165 oblas\u0165 a poobzera\u0165 \u010do by sa dalo liez\u0165. Sektor Penya Roja m\u00e1 asi najviac ciest do 6a a ke\u010f\u017ee sme na skale neboli skoro rok a oblas\u0165 je pod\u013ea spirevodcu vy\u0161m\u00fdkan\u00e1, tak obzer\u00e1me len \u013eahk\u00e9 cesty.<\/div>\n<div style=\"text-align: justify;\">Ve\u010der parkujeme pri futbalovom ihrisku asi 200m pod refugiom a po uvaren\u00ed polievky kon\u0161tatujem, \u017ee stan sa mi rozklada\u0165 nechce a tak upravujem sedadl\u00e1 na Picasse do spacej \u00fapravy. Do dokonalosti tomu autu ch\u00fdba p\u00e1r centimetrov, ale d\u00e1 sa tam komfortne vyspa\u0165 a ke\u010f je zima aj zak\u00fari\u0165, \u010do vyu\u017e\u00edvame a\u017e okolo 6 r\u00e1no.<\/div>\n<table class=\"tr-caption-container\" style=\"margin-left: auto; margin-right: auto; text-align: center;\" cellspacing=\"0\" cellpadding=\"0\" align=\"center\">\n<tbody>\n<tr>\n<td style=\"text-align: center;\"><a style=\"margin-left: auto; margin-right: auto;\" href=\"https:\/\/3.bp.blogspot.com\/-VwsrITJg7vw\/WG-3wYHrHDI\/AAAAAAAALmg\/6O9B66ZuSoUX9BKirBtyx6ZyVbZyEUv-gCEw\/s1600\/3-CitroenC3Camper.jpg\" data-rel=\"lightbox-gallery-HnJ37UTG\" data-rl_title=\"\" data-rl_caption=\"\" title=\"\"><img loading=\"lazy\" decoding=\"async\" src=\"https:\/\/3.bp.blogspot.com\/-VwsrITJg7vw\/WG-3wYHrHDI\/AAAAAAAALmg\/6O9B66ZuSoUX9BKirBtyx6ZyVbZyEUv-gCEw\/s320\/3-CitroenC3Camper.jpg\" alt=\"\" width=\"320\" height=\"240\" border=\"0\" \/><\/a><\/td>\n<\/tr>\n<tr>\n<td class=\"tr-caption\" style=\"text-align: center;\">C3 camper<\/td>\n<\/tr>\n<\/tbody>\n<\/table>\n<div style=\"text-align: justify;\">Po ra\u0148ajk\u00e1ch bal\u00edme veci na lezenie a s optimizmom sa vyber\u00e1me zahmlen\u00fdm dopoludn\u00edm pod skalu. D\u00e1vam jednu cestu, ale ruky a nohy m\u00e1m tak uzimen\u00e9, \u017ee si nec\u00edtim prsty v lezk\u00e1ch. Teplomer ukazuje 2 stupne nad nulou a vrav\u00edme si, \u017ee toto nie je lezenie v \u0161panielsku a rovno \u0165ah\u00e1m lano dole. Vol\u00edme alternat\u00edvno-kult\u00farny pl\u00e1n a to n\u00e1v\u0161tevu 30km vzdialenejTarragony.<\/div>\n<table class=\"tr-caption-container\" style=\"margin-left: auto; margin-right: auto; text-align: center;\" cellspacing=\"0\" cellpadding=\"0\" align=\"center\">\n<tbody>\n<tr>\n<td style=\"text-align: center;\"><a style=\"margin-left: auto; margin-right: auto;\" href=\"https:\/\/3.bp.blogspot.com\/-oNSK9YBO0u4\/WG-3wWR9uyI\/AAAAAAAALmY\/C4HoowHu8xUZlYxN1N7MAaQ2d_xnlEoYgCEw\/s1600\/2-Tarragona.jpg\" data-rel=\"lightbox-gallery-HnJ37UTG\" data-rl_title=\"\" data-rl_caption=\"\" title=\"\"><img loading=\"lazy\" decoding=\"async\" src=\"https:\/\/3.bp.blogspot.com\/-oNSK9YBO0u4\/WG-3wWR9uyI\/AAAAAAAALmY\/C4HoowHu8xUZlYxN1N7MAaQ2d_xnlEoYgCEw\/s320\/2-Tarragona.jpg\" alt=\"\" width=\"320\" height=\"68\" border=\"0\" \/><\/a><\/td>\n<\/tr>\n<tr>\n<td class=\"tr-caption\" style=\"text-align: center;\">Tarragona<\/td>\n<\/tr>\n<\/tbody>\n<\/table>\n<div style=\"text-align: justify;\">Pekn\u00e1 prech\u00e1dzka cez mesto, doplnenie kofe\u00ednu a hlavne pomerne prijate\u013en\u00e9 po\u010dasie. Prem\u00fd\u0161\u013eame, \u017ee \u010di sa nepresunieme niekam inam, ale v\u0161etky oblasti Lleidy a Tarragony s\u00fa vy\u0161\u0161ie a hl\u00e1sia no\u010dn\u00e9 teploty v\u00fdrazne pod nulou a denn\u00e9 nev\u00fdrazne nad. Sp\u00edme op\u00e4\u0165 v aute na rovnakom mieste, a r\u00e1no \u010dak\u00e1me na pretrhanie hmly. Ke\u010f\u017ee \u010dak\u00e1me m\u00e1rne, ideme sa rad\u0161ej prejst hore \u00fadol\u00edm smerom do La Fareny.<\/div>\n<table class=\"tr-caption-container\" style=\"margin-left: auto; margin-right: auto; text-align: center;\" cellspacing=\"0\" cellpadding=\"0\" align=\"center\">\n<tbody>\n<tr>\n<td style=\"text-align: center;\"><a style=\"margin-left: auto; margin-right: auto;\" href=\"https:\/\/4.bp.blogspot.com\/-kugqMituV0g\/WG-3wggBg-I\/AAAAAAAALmo\/gg9mLBzq9HUeDb6okG-eEcSTZE8yYoZFACEw\/s1600\/5-PenyaRoja.jpg\" data-rel=\"lightbox-gallery-HnJ37UTG\" data-rl_title=\"\" data-rl_caption=\"\" title=\"\"><img loading=\"lazy\" decoding=\"async\" src=\"https:\/\/4.bp.blogspot.com\/-kugqMituV0g\/WG-3wggBg-I\/AAAAAAAALmo\/gg9mLBzq9HUeDb6okG-eEcSTZE8yYoZFACEw\/s320\/5-PenyaRoja.jpg\" alt=\"\" width=\"320\" height=\"240\" border=\"0\" \/><\/a><\/td>\n<\/tr>\n<tr>\n<td class=\"tr-caption\" style=\"text-align: center;\">Penya Roja<\/td>\n<\/tr>\n<\/tbody>\n<\/table>\n<div style=\"text-align: justify;\">Okolo pol jednej sa vraciame dole k autu a cez jemn\u00fa hmlu na n\u00e1s vykukuje zubat\u00e9 slnko. Nev\u00e1hame a berieme veci pod skalu. Skala je juho-v\u00fdchodn\u00e1 a tak sa d\u00e1 pribli\u017ene do pol \u0161tvrtej liez\u0165. Vpohode bez stresu lezieme len p\u00e1r ciest v\u0161etko do 6a. \u00a0Ke\u010f z\u00e1jde slnko ideme sa e\u0161te prejs\u0165 do \u00fadolia a potom spa\u0165 do auta. Ako zach\u00e1dza slnko riadne sa ochladzuje. Po kr\u00e1tkej porade a ch\u00ed\u013eke na internete sa pres\u00favame do meste\u010dka La Selva del Camp, kde sme zohnali 3 hviezdi\u010dkov\u00fd hotel za 45 dol\u00e1rov pre dve osoby za noc. Ve\u010der sa e\u0161te ideme prejs\u0165 do centra a te\u0161\u00edme sa, \u017ee mraziv\u00fa noc nemus\u00edme str\u00e1vi\u0165 tla\u010den\u00edm sa v aute.<\/div>\n<table class=\"tr-caption-container\" style=\"margin-left: auto; margin-right: auto; text-align: center;\" cellspacing=\"0\" cellpadding=\"0\" align=\"center\">\n<tbody>\n<tr>\n<td style=\"text-align: center;\"><a style=\"margin-left: auto; margin-right: auto;\" href=\"https:\/\/2.bp.blogspot.com\/-ziuNEVgHj-M\/WG-3wpJAJBI\/AAAAAAAALm4\/vIjYwqiWoFoCJrFmxzqO9ojcWdVUirowACEw\/s1600\/4-Hmla.jpg\" data-rel=\"lightbox-gallery-HnJ37UTG\" data-rl_title=\"\" data-rl_caption=\"\" title=\"\"><img loading=\"lazy\" decoding=\"async\" src=\"https:\/\/2.bp.blogspot.com\/-ziuNEVgHj-M\/WG-3wpJAJBI\/AAAAAAAALm4\/vIjYwqiWoFoCJrFmxzqO9ojcWdVUirowACEw\/s320\/4-Hmla.jpg\" alt=\"\" width=\"320\" height=\"240\" border=\"0\" \/><\/a><\/td>\n<\/tr>\n<tr>\n<td class=\"tr-caption\" style=\"text-align: center;\">Na \u0160panielsko riadna zima<\/td>\n<\/tr>\n<\/tbody>\n<\/table>\n<table class=\"tr-caption-container\" style=\"margin-left: auto; margin-right: auto; text-align: center;\" cellspacing=\"0\" cellpadding=\"0\" align=\"center\">\n<tbody>\n<tr>\n<td style=\"text-align: center;\"><a style=\"margin-left: auto; margin-right: auto;\" href=\"https:\/\/1.bp.blogspot.com\/-Ogdq1Z60e90\/WG-3wmNNKjI\/AAAAAAAALm4\/YaKU2pmO33EJ1Rhlq0AwNEWQUaeRrS_wgCEw\/s1600\/6-Namraza.jpg\" data-rel=\"lightbox-gallery-HnJ37UTG\" data-rl_title=\"\" data-rl_caption=\"\" title=\"\"><img loading=\"lazy\" decoding=\"async\" src=\"https:\/\/1.bp.blogspot.com\/-Ogdq1Z60e90\/WG-3wmNNKjI\/AAAAAAAALm4\/YaKU2pmO33EJ1Rhlq0AwNEWQUaeRrS_wgCEw\/s320\/6-Namraza.jpg\" alt=\"\" width=\"320\" height=\"240\" border=\"0\" \/><\/a><\/td>\n<\/tr>\n<tr>\n<td class=\"tr-caption\" style=\"text-align: center;\">N\u00e1mraza na severnej strane<\/td>\n<\/tr>\n<\/tbody>\n<\/table>\n<div style=\"text-align: justify;\">R\u00e1no sme pomerne r\u00fdchlo zbalen\u00ed, d\u00e1vame si na hoteli k\u00e1vu a ideme priamo op\u00e4\u0165 do n\u00e1\u0161ho zn\u00e1meho sektora, kde n\u00e1m ost\u00e1va preliez\u0165 e\u0161te p\u00e1r ciest. Na severnej strane doliny je n\u00e1mraza, no hmla sa na\u0161tastie um\u00fadrila a pod skalou je pr\u00edjemne teplo. Preliezam t\u00fdch p\u00e1r ciest, \u010do n\u00e1m tu zostalo a o pol tretej unaven\u00ed ideme sp\u00e4\u0165 k autu.<\/div>\n<table class=\"tr-caption-container\" style=\"margin-left: auto; margin-right: auto; text-align: center;\" cellspacing=\"0\" cellpadding=\"0\" align=\"center\">\n<tbody>\n<tr>\n<td style=\"text-align: center;\"><a style=\"margin-left: auto; margin-right: auto;\" href=\"https:\/\/4.bp.blogspot.com\/-JO3G--ieOFQ\/WG-3w44p6_I\/AAAAAAAALm4\/rlcpkOVBjfslIZw49cSes0duiVD7Q3PdACEw\/s1600\/8-PenyaRoja.jpg\" data-rel=\"lightbox-gallery-HnJ37UTG\" data-rl_title=\"\" data-rl_caption=\"\" title=\"\"><img loading=\"lazy\" decoding=\"async\" src=\"https:\/\/4.bp.blogspot.com\/-JO3G--ieOFQ\/WG-3w44p6_I\/AAAAAAAALm4\/rlcpkOVBjfslIZw49cSes0duiVD7Q3PdACEw\/s320\/8-PenyaRoja.jpg\" alt=\"\" width=\"240\" height=\"320\" border=\"0\" \/><\/a><\/td>\n<\/tr>\n<tr>\n<td class=\"tr-caption\" style=\"text-align: center;\">Na ju\u017enej strane pr\u00edjemne<\/td>\n<\/tr>\n<\/tbody>\n<\/table>\n<div style=\"text-align: justify;\"><\/div>\n<div style=\"text-align: justify;\">H\u00e1d\u017eeme veci do kufra a priamo po dialnici (ve\u013emi drahej &#8211; 16E dokopy) na letisko El Prat. Na pumpe pred letiskom, bal\u00edme lezeck\u00fd materi\u00e1l do b\u00e1glov a vraciame auto do po\u017ei\u010dovne. Neuverite\u013en\u00e9 ak\u00fd je v tej Barcelone smrad.<\/div>\n<div style=\"text-align: justify;\">O pol deviatej let zo \u0160panielska sp\u00e4\u0165 do Dublinu a na druh\u00fd de\u0148 do pr\u00e1ce. Aj ke\u010f sme liezli iba dva pol-dni, st\u00e1lo to za to. Jednak sme spoznali nov\u00fa oblas\u0165, ale aj sa rozh\u00fdbali na skalke. S t\u00fdm vy\u0161m\u00fdkan\u00edn to nie je tak\u00e9 hrozn\u00e9 a ke\u010f niekedy budete pri Taragone ur\u010dite nav\u0161t\u00edvte aj La Ribu.<\/div>\n<table class=\"tr-caption-container\" style=\"margin-left: auto; margin-right: auto; text-align: center;\" cellspacing=\"0\" cellpadding=\"0\" align=\"center\">\n<tbody>\n<tr>\n<td style=\"text-align: center;\"><a style=\"margin-left: auto; margin-right: auto;\" href=\"https:\/\/3.bp.blogspot.com\/-2knCos_SNns\/WG-3w9cy3gI\/AAAAAAAALm4\/CqIaWDMiMFUBSvoMSLnWfnHpFkR7jCwXQCEw\/s1600\/7-Slnko.jpg\" data-rel=\"lightbox-gallery-HnJ37UTG\" data-rl_title=\"\" data-rl_caption=\"\" title=\"\"><img loading=\"lazy\" decoding=\"async\" src=\"https:\/\/3.bp.blogspot.com\/-2knCos_SNns\/WG-3w9cy3gI\/AAAAAAAALm4\/CqIaWDMiMFUBSvoMSLnWfnHpFkR7jCwXQCEw\/s320\/7-Slnko.jpg\" alt=\"\" width=\"320\" height=\"240\" border=\"0\" \/><\/a><\/td>\n<\/tr>\n<tr>\n<td class=\"tr-caption\" style=\"text-align: center;\">Penya Roja<\/td>\n<\/tr>\n<\/tbody>\n<\/table>\n<div style=\"text-align: justify;\"><\/div>\n<div style=\"text-align: justify;\"><\/div>\n<\/div>\n<div style=\"clear: both;\"><\/div>\n<\/div>\n<div class=\"post-footer\">\n<div class=\"post-footer-line post-footer-line-1\"><span class=\"post-author vcard\"><br \/>\nPosted by <span class=\"fn\"><a class=\"g-profile\" title=\"author profile\" href=\"https:\/\/plus.google.com\/109379499396269955467\" rel=\"author\"><br \/>\nAndrej Hosna<br \/>\n<\/a><br \/>\n<\/span> <\/span><\/div>\n<\/div>\n<p>&#8230;&#8230;&#8230;&#8230;&#8230;<br \/>\n<a href=\"https:\/\/www.zagurami.eu\/spanielsko-portugalsko-el-chorro-siurana-sagres\/\" target=\"_blank\"><br \/>\nlezenie v \u0161panielsku<br \/>\n<\/a><\/p>\n","protected":false},"excerpt":{"rendered":"<p>Po vianociach na slovensku berieme pv\u00fd let do tepl\u00fdch kraj\u00edn z Bratislavy do Girony. Po prist\u00e1t\u00ed chv\u00ed\u013eu h\u013ead\u00e1me po\u017ei\u010dov\u0148u. S\u00edce v papieroch nie\u010do p\u00edsali o autobuse, ale z haly do\u013eava za roh a d\u00e1 sa to d\u00f4js\u0165 aj na pe\u0161o. Auto som bral economy, ale na moju rados\u0165 dost\u00e1vame Citroen C3 Picasso Diesel. Po \u00favodnom &hellip; <a href=\"https:\/\/www.carpathianclimb.sk\/?p=1062\" class=\"more-link\">Pokra\u010dova\u0165 na <span class=\"screen-reader-text\">Lezeck\u00e9 denn\u00edky 7 &#8211; La Riba<\/span> <span class=\"meta-nav\">&rarr;<\/span><\/a><\/p>\n","protected":false},"author":1,"featured_media":0,"comment_status":"closed","ping_status":"open","sticky":false,"template":"","format":"standard","meta":{"footnotes":""},"categories":[1],"tags":[],"class_list":["post-1062","post","type-post","status-publish","format-standard","hentry","category-novinky"],"_links":{"self":[{"href":"https:\/\/www.carpathianclimb.sk\/index.php?rest_route=\/wp\/v2\/posts\/1062","targetHints":{"allow":["GET"]}}],"collection":[{"href":"https:\/\/www.carpathianclimb.sk\/index.php?rest_route=\/wp\/v2\/posts"}],"about":[{"href":"https:\/\/www.carpathianclimb.sk\/index.php?rest_route=\/wp\/v2\/types\/post"}],"author":[{"embeddable":true,"href":"https:\/\/www.carpathianclimb.sk\/index.php?rest_route=\/wp\/v2\/users\/1"}],"replies":[{"embeddable":true,"href":"https:\/\/www.carpathianclimb.sk\/index.php?rest_route=%2Fwp%2Fv2%2Fcomments&post=1062"}],"version-history":[{"count":4,"href":"https:\/\/www.carpathianclimb.sk\/index.php?rest_route=\/wp\/v2\/posts\/1062\/revisions"}],"predecessor-version":[{"id":1322,"href":"https:\/\/www.carpathianclimb.sk\/index.php?rest_route=\/wp\/v2\/posts\/1062\/revisions\/1322"}],"wp:attachment":[{"href":"https:\/\/www.carpathianclimb.sk\/index.php?rest_route=%2Fwp%2Fv2%2Fmedia&parent=1062"}],"wp:term":[{"taxonomy":"category","embeddable":true,"href":"https:\/\/www.carpathianclimb.sk\/index.php?rest_route=%2Fwp%2Fv2%2Fcategories&post=1062"},{"taxonomy":"post_tag","embeddable":true,"href":"https:\/\/www.carpathianclimb.sk\/index.php?rest_route=%2Fwp%2Fv2%2Ftags&post=1062"}],"curies":[{"name":"wp","href":"https:\/\/api.w.org\/{rel}","templated":true}]}}