{"id":1066,"date":"2017-03-09T23:44:48","date_gmt":"2017-03-09T21:44:48","guid":{"rendered":"http:\/\/www.carpathianclimb.sk\/?p=1066"},"modified":"2017-03-29T19:02:05","modified_gmt":"2017-03-29T17:02:05","slug":"budicek-2017","status":"publish","type":"post","link":"https:\/\/www.carpathianclimb.sk\/?p=1066","title":{"rendered":"POZOR! Bud\u00ed\u010dek 2017 z d\u00f4vodu ochrany pr\u00edrody zru\u0161en\u00fd"},"content":{"rendered":"<p style=\"color:red\"><strong>!!! POZOR, AKCIA Z D\u00f4VODU OCHRANY PR\u00cdRODY ZRU\u0160EN\u00c1 !!!<\/strong><\/p>\n<p><label style=\"float: left; margin: 1px 10px 1px 0px;\"><a href=\"\/images\/clanky\/budik2017.jpg\" data-rel=\"lightbox-gallery-cHJldHR5UGhvdG9bZ2FsbGVyeS1idWRpazIwMTdd\" data-rl_title=\"\" data-rl_caption=\"\" title=\"\"><img decoding=\"async\" src=\"\/images\/clanky\/budik2017.jpg\" style=\"width:250px\"><\/a><\/label> Tak a je to tu zas! V sobotu 8.4.2017 sa bude kona\u0165 nem\u00e1lo zn\u00e1ma akcia \u201cPa\u0161t\u00fansky bud\u00ed\u010dek\u201d. Miesto konania n\u00e1m napovie n\u00e1zov samotnej akcie \ud83d\ude42 Cez de\u0148 sa poriadne rozlezieme a ve\u010der budeme pokra\u010dova\u0165 prezent\u00e1ciami na Chate pod Vrchom v Borinke. V\u00edtan\u00e9 s\u00fa gitary a in\u00e9 hudobn\u00e9 n\u00e1stroje. V pribehu doobedia si budete m\u00f4c\u0165 priamo na Paj\u0161t\u00fane objedna\u0165 ve\u010deru. Klasicky bude na v\u00fdber gul\u00e1\u0161 a vegetari\u00e1nske jedlo.<\/p>\n<p>Tak\u017ee si po zime opr\u00e1\u0161te sed\u00e1ky, lezky a in\u00e9 lezeck\u00e9 pak\u0161ametle a VID\u00cdME SA NA SKAL\u00c1CH!!!<\/p>\n<p>CCC a HK Filozof<\/p>\n","protected":false},"excerpt":{"rendered":"<p>!!! POZOR, AKCIA Z D\u00f4VODU OCHRANY PR\u00cdRODY ZRU\u0160EN\u00c1 !!! Tak a je to tu zas! V sobotu 8.4.2017 sa bude kona\u0165 nem\u00e1lo zn\u00e1ma akcia \u201cPa\u0161t\u00fansky bud\u00ed\u010dek\u201d. Miesto konania n\u00e1m napovie n\u00e1zov samotnej akcie \ud83d\ude42 Cez de\u0148 sa poriadne rozlezieme a ve\u010der budeme pokra\u010dova\u0165 prezent\u00e1ciami na Chate pod Vrchom v Borinke. V\u00edtan\u00e9 s\u00fa gitary a in\u00e9 &hellip; <a href=\"https:\/\/www.carpathianclimb.sk\/?p=1066\" class=\"more-link\">Pokra\u010dova\u0165 na <span class=\"screen-reader-text\">POZOR! Bud\u00ed\u010dek 2017 z d\u00f4vodu ochrany pr\u00edrody zru\u0161en\u00fd<\/span> <span class=\"meta-nav\">&rarr;<\/span><\/a><\/p>\n","protected":false},"author":1,"featured_media":0,"comment_status":"closed","ping_status":"open","sticky":false,"template":"","format":"standard","meta":{"footnotes":""},"categories":[1],"tags":[],"class_list":["post-1066","post","type-post","status-publish","format-standard","hentry","category-novinky"],"_links":{"self":[{"href":"https:\/\/www.carpathianclimb.sk\/index.php?rest_route=\/wp\/v2\/posts\/1066","targetHints":{"allow":["GET"]}}],"collection":[{"href":"https:\/\/www.carpathianclimb.sk\/index.php?rest_route=\/wp\/v2\/posts"}],"about":[{"href":"https:\/\/www.carpathianclimb.sk\/index.php?rest_route=\/wp\/v2\/types\/post"}],"author":[{"embeddable":true,"href":"https:\/\/www.carpathianclimb.sk\/index.php?rest_route=\/wp\/v2\/users\/1"}],"replies":[{"embeddable":true,"href":"https:\/\/www.carpathianclimb.sk\/index.php?rest_route=%2Fwp%2Fv2%2Fcomments&post=1066"}],"version-history":[{"count":10,"href":"https:\/\/www.carpathianclimb.sk\/index.php?rest_route=\/wp\/v2\/posts\/1066\/revisions"}],"predecessor-version":[{"id":1078,"href":"https:\/\/www.carpathianclimb.sk\/index.php?rest_route=\/wp\/v2\/posts\/1066\/revisions\/1078"}],"wp:attachment":[{"href":"https:\/\/www.carpathianclimb.sk\/index.php?rest_route=%2Fwp%2Fv2%2Fmedia&parent=1066"}],"wp:term":[{"taxonomy":"category","embeddable":true,"href":"https:\/\/www.carpathianclimb.sk\/index.php?rest_route=%2Fwp%2Fv2%2Fcategories&post=1066"},{"taxonomy":"post_tag","embeddable":true,"href":"https:\/\/www.carpathianclimb.sk\/index.php?rest_route=%2Fwp%2Fv2%2Ftags&post=1066"}],"curies":[{"name":"wp","href":"https:\/\/api.w.org\/{rel}","templated":true}]}}