{"id":1102,"date":"2017-09-02T11:15:23","date_gmt":"2017-09-02T09:15:23","guid":{"rendered":"http:\/\/www.carpathianclimb.sk\/?p=1102"},"modified":"2019-11-22T22:56:41","modified_gmt":"2019-11-22T20:56:41","slug":"lezenie-na-sicilii","status":"publish","type":"post","link":"https:\/\/www.carpathianclimb.sk\/?p=1102","title":{"rendered":"Lezenie na Sic\u00edlii"},"content":{"rendered":"<p><iframe loading=\"lazy\" width=\"600\" height=\"425\" src=\"http:\/\/www.youtube.com\/embed\/r_R23odh7QA?autoplay=0\"\"><\/iframe>\n<\/p>\n<p>Niekedy v auguste mi Michal polo\u017eil ot\u00e1zku \u010di nejdem na Sicnu. Ani som poriadne nevedel \u010do to je, ale s\u00fahlasil som. Mi\u0161o s Katkou u\u017e ostrie\u013ean\u00ed iTaliani sa sem vracaj\u00fa u\u017e tret\u00ed kr\u00e1t. Teraz, ke\u010f u\u017e je v\u00fdlet za nami sa im v\u00f4bec ne\u010dudujem.<\/p>\n<p>V polke okt\u00f3bra je ide\u00e1lny \u010das \u00eds\u0165 na Sic\u00edliu. San Vito lo Capo climbing festival, kon\u010diaca sez\u00f3na dovolenk\u00e1rov, st\u00e1le teplo- k\u00fapate\u013ene (25-36\u00b0). Lezenie tu je r\u00f4znorod\u00e9, je tu 21 preisten\u00fdch oblast\u00ed, asi 500-1000 (?) Ciest a ako by povedal Bra\u0148o, potenci\u00e1l jak 28 sv\u00ed\u0148, lebo ve\u013ea cragov nie je odisten\u00fdch. V sprievodcovi p\u00ed\u0161u, \u017ee sa tu d\u00e1 spravi\u0165 e\u0161te minim\u00e1lne 10000 ciest. Sprievodcu k\u00fapite v Climbing House, na hlavnej ulici v San Vite. Okrem sprievodcu tu n\u00e1jdete ka\u017ed\u00fd ve\u010der lezcov z cel\u00e9ho sveta, pivo, pohodu a po novom sa s obsluhou dohovor\u00edte aj po slovensky.<\/p>\n<p>V na\u0161ej jejeckej (lezeckej) skupiny sme kompletne zast\u00fapili carpathian climbing club (\u010falej len CCC). Adam, hlavn\u00fd zab\u00e1va\u010d a vodca v\u00fdletu, Katka, zastupite\u013eka kvetinov\u00e9ho pohlavia, hlavn\u00e1 k\u00fapa\u010dka a opatrovate\u013eka, zatia\u013e \u010do Michal a ja sme drtili vol\u00e1ke tie vertik\u00e1le, niekedy aj horizont\u00e1le naopak. V takomto zlo\u017een\u00ed sme sa zos\u00faladili behom prv\u00e9ho d\u0148a. R\u00e1no o\u00a07 vyr\u00e1\u017eame s Mi\u0161om na skaly, lezieme dok\u00fdm je ko\u017ea, sila a tie\u0148. V\u00e4\u010d\u0161inou na obed doma, ideme sa ok\u00fapa\u0165, str\u00e1\u017eime Adama, lezieme s Katkou a ve\u010der vo\u013en\u00fd program. Ja som v\u00e4\u010d\u0161inou skon\u010dil na fes\u0165\u00e1ku alebo v climbing house, kde sa d\u00e1 r\u00fdchlo socializova\u0165. Na festivale sa podie\u013ea Alan Form\u00e1nek, tak ur\u010dite nepr\u00eddete o\u00a0n\u00e1dielku kvalitn\u00fdch outdoorov\u00fdch filmov, s\u00fa\u0165a\u017e\u00ed na skale aj na bouldri, uk\u00e1\u017eky slacklinu, st\u00e1nkov so sponzormi a\u00a0mnoho \u010fal\u0161ieho. S\u00a0Mi\u0161om sme napr. vyu\u017eili mo\u017enos\u0165 po\u017ei\u010da\u0165 si lezky od La Sportivi na jeden de\u0148. Osved\u010dilo sa, Mi\u0161o si ich hne\u010f k\u00fapil.<\/p>\n<p>Zauj\u00edmavos\u0165ou tie\u017e bolo, \u017ee pri pr\u00edchode v\u0161ade horelo. Vy\u010d\u00ed\u0148al f\u00e9n (sirocco) z\u00a0ktor\u00e9ho boli prekvapen\u00ed aj Taliani, lebo pri\u0161iel v\u00a0netradi\u010dn\u00fd \u010das. Kopce a\u00a0such\u00e1 tr\u00e1va boli v\u00a0plame\u0148och 3 dni, pok\u00fdm z\u00a060km r\u00fdchlosti, vietor neklesol na 0km r\u00fdchlos\u0165. A\u00a0tak spolu s\u00a0az\u00farovou oblohou, ostalo po zvy\u0161ok v\u00fdletu. Tak\u017ee v\u00fdlet hodnot\u00edm na v\u00fdborn\u00fa, odpor\u00fa\u010dam a\u00a0vid\u00edme sa zase v\u00a0okt\u00f3bri na Sicni.<\/p>\n<p>Autor: Pe\u0165o<\/p>\n<p>&#8230;&#8230;&#8230;&#8230;&#8230;<br \/>\n<a href=\"https:\/\/www.zagurami.eu\/category\/lezenie\/\" target=\"_blank\"><br \/>\nlezenie<br \/>\n<\/a><\/p>\n","protected":false},"excerpt":{"rendered":"","protected":false},"author":1,"featured_media":0,"comment_status":"closed","ping_status":"open","sticky":false,"template":"","format":"standard","meta":{"footnotes":""},"categories":[1],"tags":[],"class_list":["post-1102","post","type-post","status-publish","format-standard","hentry","category-novinky"],"_links":{"self":[{"href":"https:\/\/www.carpathianclimb.sk\/index.php?rest_route=\/wp\/v2\/posts\/1102","targetHints":{"allow":["GET"]}}],"collection":[{"href":"https:\/\/www.carpathianclimb.sk\/index.php?rest_route=\/wp\/v2\/posts"}],"about":[{"href":"https:\/\/www.carpathianclimb.sk\/index.php?rest_route=\/wp\/v2\/types\/post"}],"author":[{"embeddable":true,"href":"https:\/\/www.carpathianclimb.sk\/index.php?rest_route=\/wp\/v2\/users\/1"}],"replies":[{"embeddable":true,"href":"https:\/\/www.carpathianclimb.sk\/index.php?rest_route=%2Fwp%2Fv2%2Fcomments&post=1102"}],"version-history":[{"count":4,"href":"https:\/\/www.carpathianclimb.sk\/index.php?rest_route=\/wp\/v2\/posts\/1102\/revisions"}],"predecessor-version":[{"id":1324,"href":"https:\/\/www.carpathianclimb.sk\/index.php?rest_route=\/wp\/v2\/posts\/1102\/revisions\/1324"}],"wp:attachment":[{"href":"https:\/\/www.carpathianclimb.sk\/index.php?rest_route=%2Fwp%2Fv2%2Fmedia&parent=1102"}],"wp:term":[{"taxonomy":"category","embeddable":true,"href":"https:\/\/www.carpathianclimb.sk\/index.php?rest_route=%2Fwp%2Fv2%2Fcategories&post=1102"},{"taxonomy":"post_tag","embeddable":true,"href":"https:\/\/www.carpathianclimb.sk\/index.php?rest_route=%2Fwp%2Fv2%2Ftags&post=1102"}],"curies":[{"name":"wp","href":"https:\/\/api.w.org\/{rel}","templated":true}]}}