{"id":1123,"date":"2017-10-04T21:51:26","date_gmt":"2017-10-04T19:51:26","guid":{"rendered":"http:\/\/www.carpathianclimb.sk\/?p=1123"},"modified":"2017-10-04T22:02:48","modified_gmt":"2017-10-04T20:02:48","slug":"zlanak-2017","status":"publish","type":"post","link":"https:\/\/www.carpathianclimb.sk\/?p=1123","title":{"rendered":"Zla\u0148\u00e1k 2017"},"content":{"rendered":"<p><label style=\"float: left; margin: 1px 10px 1px 0px;\"><a href=\"\/images\/zlanak.jpg\" data-rel=\"lightbox-gallery-cHJldHR5UGhvdG9bZ2FsbGVyeS16bGFuYWsyMDE3XQ==\" data-rl_title=\"\" data-rl_caption=\"\" title=\"\"><img decoding=\"async\" src=\"\/images\/zlanak.jpg\" style=\"width:200px\"><\/a><\/label><\/p>\n<p> Nech bola Va\u0161a sez\u00f3na ak\u00e1ko\u013evek, po\u010fte ju s\u00a0nami uzavrie\u0165 symbolick\u00fdm posledn\u00fdm zlanen\u00edm!<br \/>\nHorolezeck\u00fd klub Filozof a\u00a0Carpathian Climbing Club \u0164a poz\u00fdvaj\u00fa na <\/p>\n<h3> Zla\u0148\u00e1k 2017 <\/h3>\n<\/p>\n<p>Najsk\u00f4r lezenie, potom zlanenie a\u00a0nakoniec z\u00e1bava!<\/p>\n<p>Vid\u00edme sa v\u00a0sobotu 28. okt\u00f3bra pod skalou na Paj\u0161t\u00fane a\u00a0nesk\u00f4r na <a href=\"http:\/\/www.chatapodvrchom.sk\" target =\"0\">Chate pod Vrchom<\/a>.<\/p>\n<p><b>PROGRAM:<\/b><\/p>\n<p>9:00 \u2013 18:00 lezenie a\u00a0zla\u0148ovanie<br \/>\n18:00 \u2013 19:00  premietanie a\u00a0gul\u00e1\u0161<br \/>\n19:00 \u2013 vo\u013en\u00e1 z\u00e1bava<\/p>\n<p><b>POKYNY:<\/b><\/p>\n<p>&#8211;\tNa chate je mo\u017enos\u0165 ubytovania. Treba si vyrie\u0161i\u0165 individu\u00e1lne.<br \/>\n&#8211;\tSpa\u0165 sa d\u00e1 aj v\u00a0aut\u00e1ch a\u00a0v\u00a0stanoch na l\u00fake pred are\u00e1lom chaty.<br \/>\n&#8211;\tKto vie hra\u0165, nech vezme nejak\u00fd hudobn\u00fd n\u00e1stroj. Bude vesel\u0161ie!<br \/>\n&#8211;\tPorcia gul\u00e1\u0161a je cca. 3 Eur\u00e1, vyzbierame v\u00a0priebehu d\u0148a.<br \/>\n&#8211;\tAk chce\u0161, aby sa Ti u\u0161lo, potvr\u010f \u00fa\u010das\u0165 mailom.<br \/>\n&#8211;\tZla\u0148\u00e1k sa kon\u00e1 za ka\u017ed\u00e9ho po\u010dasia. Rozdiel bude len v\u00a0pomere lezenie\/pitie ?.<\/p>\n<p><b>Kontakt:<\/b><\/p>\n<p>CCC \u2013 Bra\u0148o Kad\u00edk (<a href=\"mailto:branislavkadik@gmail.com\">branislavkadik@gmail.com<\/a>)<br \/>\nHKF \u2013 Monika Paul\u00edkov\u00e1 (<a href=\"mailto:moni.paulikova@gmail.com\">moni.paulikova@gmail.com<\/a>) <\/p>\n","protected":false},"excerpt":{"rendered":"<p>Nech bola Va\u0161a sez\u00f3na ak\u00e1ko\u013evek, po\u010fte ju s\u00a0nami uzavrie\u0165 symbolick\u00fdm posledn\u00fdm zlanen\u00edm! Horolezeck\u00fd klub Filozof a\u00a0Carpathian Climbing Club \u0164a poz\u00fdvaj\u00fa na Zla\u0148\u00e1k 2017 Najsk\u00f4r lezenie, potom zlanenie a\u00a0nakoniec z\u00e1bava! Vid\u00edme sa v\u00a0sobotu 28. okt\u00f3bra pod skalou na Paj\u0161t\u00fane a\u00a0nesk\u00f4r na Chate pod Vrchom. PROGRAM: 9:00 \u2013 18:00 lezenie a\u00a0zla\u0148ovanie 18:00 \u2013 19:00 premietanie a\u00a0gul\u00e1\u0161 19:00 &hellip; <a href=\"https:\/\/www.carpathianclimb.sk\/?p=1123\" class=\"more-link\">Pokra\u010dova\u0165 na <span class=\"screen-reader-text\">Zla\u0148\u00e1k 2017<\/span> <span class=\"meta-nav\">&rarr;<\/span><\/a><\/p>\n","protected":false},"author":1,"featured_media":0,"comment_status":"closed","ping_status":"open","sticky":false,"template":"","format":"standard","meta":{"footnotes":""},"categories":[1],"tags":[],"class_list":["post-1123","post","type-post","status-publish","format-standard","hentry","category-novinky"],"_links":{"self":[{"href":"https:\/\/www.carpathianclimb.sk\/index.php?rest_route=\/wp\/v2\/posts\/1123","targetHints":{"allow":["GET"]}}],"collection":[{"href":"https:\/\/www.carpathianclimb.sk\/index.php?rest_route=\/wp\/v2\/posts"}],"about":[{"href":"https:\/\/www.carpathianclimb.sk\/index.php?rest_route=\/wp\/v2\/types\/post"}],"author":[{"embeddable":true,"href":"https:\/\/www.carpathianclimb.sk\/index.php?rest_route=\/wp\/v2\/users\/1"}],"replies":[{"embeddable":true,"href":"https:\/\/www.carpathianclimb.sk\/index.php?rest_route=%2Fwp%2Fv2%2Fcomments&post=1123"}],"version-history":[{"count":12,"href":"https:\/\/www.carpathianclimb.sk\/index.php?rest_route=\/wp\/v2\/posts\/1123\/revisions"}],"predecessor-version":[{"id":1135,"href":"https:\/\/www.carpathianclimb.sk\/index.php?rest_route=\/wp\/v2\/posts\/1123\/revisions\/1135"}],"wp:attachment":[{"href":"https:\/\/www.carpathianclimb.sk\/index.php?rest_route=%2Fwp%2Fv2%2Fmedia&parent=1123"}],"wp:term":[{"taxonomy":"category","embeddable":true,"href":"https:\/\/www.carpathianclimb.sk\/index.php?rest_route=%2Fwp%2Fv2%2Fcategories&post=1123"},{"taxonomy":"post_tag","embeddable":true,"href":"https:\/\/www.carpathianclimb.sk\/index.php?rest_route=%2Fwp%2Fv2%2Ftags&post=1123"}],"curies":[{"name":"wp","href":"https:\/\/api.w.org\/{rel}","templated":true}]}}