{"id":1136,"date":"2017-12-07T20:38:25","date_gmt":"2017-12-07T18:38:25","guid":{"rendered":"http:\/\/www.carpathianclimb.sk\/?p=1136"},"modified":"2017-12-07T22:22:07","modified_gmt":"2017-12-07T20:22:07","slug":"mirec","status":"publish","type":"post","link":"https:\/\/www.carpathianclimb.sk\/?p=1136","title":{"rendered":"Mirec"},"content":{"rendered":"<p><label style=\"float: left; margin: 1px 10px 1px 0px;\"><a href=\"\/images\/Mirec.jpg\" data-rel=\"lightbox-gallery-cHJldHR5UGhvdG9bZ2FsbGVyeS1NaXJlY10=\" data-rl_title=\"\" data-rl_caption=\"\" title=\"\"><img decoding=\"async\" src=\"\/images\/Mirec.jpg\" style=\"width:200px\"><\/a><\/label>D\u0148a 6.12.2017 n\u00e1s nav\u017edy opustil skvel\u00fd \u010dlovek, kamar\u00e1t, man\u017eel a otec Miroslav Brec\u00edk.<br \/>\nMirec bol usmievav\u00fd, pohodov\u00fd \u010dlovek, ktor\u00fd v\u017edy r\u00e1d a ochotne pomohol, nemal probl\u00e9m zobra\u0165 na skaly \u010dloveka, \u010do lezie o tri stupne hor\u0161ie ako on, spr\u00e1vca Technick\u00e9ho skla (\u0160tokeravsk\u00e1 v\u00e1penka), ktor\u00fd miloval na\u0161e Tatry. Tie sa mu bohu\u017eia\u013e stali osoudn\u00fdmi&#8230;.<br \/>\nPosledn\u00e1 rozl\u00fa\u010dka s Mircom bude v sobotu 9.12.2017 o 13:00 na cintor\u00edne vo Ve\u013ekej (Poprad).<\/p>\n<p>PS: Tatarkovu cestu spolu u\u017e nikdy nedokon\u010d\u00edme&#8230;. Mirec, s\u013eubujem, \u017ee ten koniec, \u010do n\u00e1m spolu ch\u00fdbal, bude iba pre Teba.<\/p>\n<p>Bra\u0148o<\/p>\n","protected":false},"excerpt":{"rendered":"<p>D\u0148a 6.12.2017 n\u00e1s nav\u017edy opustil skvel\u00fd \u010dlovek, kamar\u00e1t, man\u017eel a otec Miroslav Brec\u00edk. Mirec bol usmievav\u00fd, pohodov\u00fd \u010dlovek, ktor\u00fd v\u017edy r\u00e1d a ochotne pomohol, nemal probl\u00e9m zobra\u0165 na skaly \u010dloveka, \u010do lezie o tri stupne hor\u0161ie ako on, spr\u00e1vca Technick\u00e9ho skla (\u0160tokeravsk\u00e1 v\u00e1penka), ktor\u00fd miloval na\u0161e Tatry. Tie sa mu bohu\u017eia\u013e stali osoudn\u00fdmi&#8230;. Posledn\u00e1 rozl\u00fa\u010dka &hellip; <a href=\"https:\/\/www.carpathianclimb.sk\/?p=1136\" class=\"more-link\">Pokra\u010dova\u0165 na <span class=\"screen-reader-text\">Mirec<\/span> <span class=\"meta-nav\">&rarr;<\/span><\/a><\/p>\n","protected":false},"author":1,"featured_media":0,"comment_status":"closed","ping_status":"open","sticky":false,"template":"","format":"standard","meta":{"footnotes":""},"categories":[1],"tags":[],"class_list":["post-1136","post","type-post","status-publish","format-standard","hentry","category-novinky"],"_links":{"self":[{"href":"https:\/\/www.carpathianclimb.sk\/index.php?rest_route=\/wp\/v2\/posts\/1136","targetHints":{"allow":["GET"]}}],"collection":[{"href":"https:\/\/www.carpathianclimb.sk\/index.php?rest_route=\/wp\/v2\/posts"}],"about":[{"href":"https:\/\/www.carpathianclimb.sk\/index.php?rest_route=\/wp\/v2\/types\/post"}],"author":[{"embeddable":true,"href":"https:\/\/www.carpathianclimb.sk\/index.php?rest_route=\/wp\/v2\/users\/1"}],"replies":[{"embeddable":true,"href":"https:\/\/www.carpathianclimb.sk\/index.php?rest_route=%2Fwp%2Fv2%2Fcomments&post=1136"}],"version-history":[{"count":13,"href":"https:\/\/www.carpathianclimb.sk\/index.php?rest_route=\/wp\/v2\/posts\/1136\/revisions"}],"predecessor-version":[{"id":1149,"href":"https:\/\/www.carpathianclimb.sk\/index.php?rest_route=\/wp\/v2\/posts\/1136\/revisions\/1149"}],"wp:attachment":[{"href":"https:\/\/www.carpathianclimb.sk\/index.php?rest_route=%2Fwp%2Fv2%2Fmedia&parent=1136"}],"wp:term":[{"taxonomy":"category","embeddable":true,"href":"https:\/\/www.carpathianclimb.sk\/index.php?rest_route=%2Fwp%2Fv2%2Fcategories&post=1136"},{"taxonomy":"post_tag","embeddable":true,"href":"https:\/\/www.carpathianclimb.sk\/index.php?rest_route=%2Fwp%2Fv2%2Ftags&post=1136"}],"curies":[{"name":"wp","href":"https:\/\/api.w.org\/{rel}","templated":true}]}}