{"id":1191,"date":"2018-04-09T21:50:42","date_gmt":"2018-04-09T19:50:42","guid":{"rendered":"http:\/\/www.carpathianclimb.sk\/?p=1191"},"modified":"2018-04-09T23:45:47","modified_gmt":"2018-04-09T21:45:47","slug":"kalamarka-2018","status":"publish","type":"post","link":"https:\/\/www.carpathianclimb.sk\/?p=1191","title":{"rendered":"Ka\u013eam\u00e1rka 2018"},"content":{"rendered":"<p><img decoding=\"async\" src=\"\/images\/kalamarka2018.jpg\" style=\"width:100%; opacity: 0.3;\"><br \/>\n<DIV STYLE=\"position:absolute; top:15%; left:20px; width:100%;\"><font color=\"ffffff\"><\/p>\n<p style=\"font-size:22px\">Tak ako aj v predo\u0161l\u00e9 roky, tak aj tento rok sa z\u00eddeme na Ka\u013eam\u00e1rke v term\u00edne <b>6-8.7.2018<\/b><\/p>\n<p style=\"font-size:22px\">Program ako v\u017edy &#8211; cez de\u0148 lezenie, ve\u010der kult\u00fara na Podpolianskych folkl\u00f3rnych <br \/>sl\u00e1vnostiach v Detve.<\/p>\n<p style=\"font-size:22px\">Samozrejme ka\u017ed\u00fd pod\u013ea svojej chuti, nie je to povinnos\u0165 \ud83d\ude42<\/p>\n<p style=\"font-size:22px\">Vitan\u00ed s\u00fa aj Va\u0161i zn\u00e1mi, deti, psy at\u010f&#8230;., spanie v stanoch\/aut\u00e1ch\/pod \u0161ir\u00e1kom<\/p>\n<p style=\"font-size:22px\">Tento rok bude aj gul\u00e1\u0161!<\/p>\n<p style=\"font-size:22px\">Vid\u00edme sa na Ka\u013eam\u00e1rke<br \/>CCC<\/p>\n<p><\/font><\/DIV><\/p>\n","protected":false},"excerpt":{"rendered":"<p>Tak ako aj v predo\u0161l\u00e9 roky, tak aj tento rok sa z\u00eddeme na Ka\u013eam\u00e1rke v term\u00edne 6-8.7.2018 Program ako v\u017edy &#8211; cez de\u0148 lezenie, ve\u010der kult\u00fara na Podpolianskych folkl\u00f3rnych sl\u00e1vnostiach v Detve. Samozrejme ka\u017ed\u00fd pod\u013ea svojej chuti, nie je to povinnos\u0165 \ud83d\ude42 Vitan\u00ed s\u00fa aj Va\u0161i zn\u00e1mi, deti, psy at\u010f&#8230;., spanie v stanoch\/aut\u00e1ch\/pod \u0161ir\u00e1kom Tento &hellip; <a href=\"https:\/\/www.carpathianclimb.sk\/?p=1191\" class=\"more-link\">Pokra\u010dova\u0165 na <span class=\"screen-reader-text\">Ka\u013eam\u00e1rka 2018<\/span> <span class=\"meta-nav\">&rarr;<\/span><\/a><\/p>\n","protected":false},"author":1,"featured_media":0,"comment_status":"closed","ping_status":"open","sticky":false,"template":"","format":"standard","meta":{"footnotes":""},"categories":[1],"tags":[],"class_list":["post-1191","post","type-post","status-publish","format-standard","hentry","category-novinky"],"_links":{"self":[{"href":"https:\/\/www.carpathianclimb.sk\/index.php?rest_route=\/wp\/v2\/posts\/1191","targetHints":{"allow":["GET"]}}],"collection":[{"href":"https:\/\/www.carpathianclimb.sk\/index.php?rest_route=\/wp\/v2\/posts"}],"about":[{"href":"https:\/\/www.carpathianclimb.sk\/index.php?rest_route=\/wp\/v2\/types\/post"}],"author":[{"embeddable":true,"href":"https:\/\/www.carpathianclimb.sk\/index.php?rest_route=\/wp\/v2\/users\/1"}],"replies":[{"embeddable":true,"href":"https:\/\/www.carpathianclimb.sk\/index.php?rest_route=%2Fwp%2Fv2%2Fcomments&post=1191"}],"version-history":[{"count":75,"href":"https:\/\/www.carpathianclimb.sk\/index.php?rest_route=\/wp\/v2\/posts\/1191\/revisions"}],"predecessor-version":[{"id":1266,"href":"https:\/\/www.carpathianclimb.sk\/index.php?rest_route=\/wp\/v2\/posts\/1191\/revisions\/1266"}],"wp:attachment":[{"href":"https:\/\/www.carpathianclimb.sk\/index.php?rest_route=%2Fwp%2Fv2%2Fmedia&parent=1191"}],"wp:term":[{"taxonomy":"category","embeddable":true,"href":"https:\/\/www.carpathianclimb.sk\/index.php?rest_route=%2Fwp%2Fv2%2Fcategories&post=1191"},{"taxonomy":"post_tag","embeddable":true,"href":"https:\/\/www.carpathianclimb.sk\/index.php?rest_route=%2Fwp%2Fv2%2Ftags&post=1191"}],"curies":[{"name":"wp","href":"https:\/\/api.w.org\/{rel}","templated":true}]}}