{"id":1267,"date":"2018-10-06T01:55:44","date_gmt":"2018-10-05T23:55:44","guid":{"rendered":"http:\/\/www.carpathianclimb.sk\/?p=1267"},"modified":"2018-10-06T14:56:13","modified_gmt":"2018-10-06T12:56:13","slug":"posledne-zlanenie-2018","status":"publish","type":"post","link":"https:\/\/www.carpathianclimb.sk\/?p=1267","title":{"rendered":"Posledn\u00e9 zlanenie 2018"},"content":{"rendered":"<p>Po\u010f s nami uzavrie\u0165 sez\u00f3nu! Preto\u017ee, k\u00fdm si na Paj\u0161t\u00fane nezlan\u00ed\u0161, skialpy a cep\u00edny musia osta\u0165 v skrini.<br \/>\nHorolezeck\u00fd klub Filozof a Carpathian Climbing Club \u0164a poz\u00fdvaj\u00fa na<\/p>\n<h3>Posledn\u00e9 zlanenie 2018<\/h3>\n<p><label style=\"float: left; margin: 1px 10px 1px 0px;\"><a href=\"\/images\/zlanak2018.jpg\" data-rel=\"lightbox-gallery-cHJldHR5UGhvdG9bZ2FsbGVyeS16bGFuYWsyMDE4XQ==\" data-rl_title=\"\" data-rl_caption=\"\" title=\"\"><img decoding=\"async\" src=\"\/images\/zlanak2018.jpg\" style=\"width:300px\"><\/a><\/label><\/p>\n<p>Budeme liez\u0165, zla\u0148ova\u0165 a zab\u00e1va\u0165 sa!<br \/>\nVid\u00edme sa v sobotu 27. okt\u00f3bra pod skalou na Paj\u0161t\u00fane a nesk\u00f4r na <a href=\"http:\/\/chatapodvrchom.sk\" target=\"blank\">Chate pod Vrchom<\/a>. A kto vydr\u017e\u00ed dlho hore, bude ma\u0165 zla\u0148\u00e1k o hodinu dlh\u0161\u00ed (ke\u010f\u017ee v noci sa men\u00ed \u010das).<\/p>\n<p>PROGRAM:<\/p>\n<p>9:00 \u2013 18:00 lezenie a zla\u0148ovanie<br \/>\n18:00 \u2013 19:00  premietanie a gul\u00e1\u0161<br \/>\n19:00 \u2013 vo\u013en\u00e1 z\u00e1bava<\/p>\n<p>POKYNY:<\/p>\n<p>    Na chate je mo\u017enos\u0165 ubytovania. Treba si vyrie\u0161i\u0165 individu\u00e1lne.<br \/>\n    Spa\u0165 sa d\u00e1 aj v aut\u00e1ch a v stanoch na l\u00fake pred are\u00e1lom chaty.<br \/>\n    Kto vie hra\u0165, nech vezme nejak\u00fd hudobn\u00fd n\u00e1stroj. Bude vesel\u0161ie!<br \/>\n    Porcia gul\u00e1\u0161a je cca. 4 eur\u00e1, vyzbierame v priebehu d\u0148a.<br \/>\n    Ak chce\u0161, aby sa Ti u\u0161lo, potvr\u010f \u00fa\u010das\u0165 mailom.<br \/>\n    Zla\u0148\u00e1k sa kon\u00e1 za ka\u017ed\u00e9ho po\u010dasia. Rozdiel bude len v pomere lezenie\/pitie.<\/p>\n<p>Kontakt:<\/p>\n<p>CCC \u2013 Bra\u0148o Kad\u00edk (<a href=\"mailto:branislavkadik@gmail.com\">branislavkadik@gmail.com<\/a>)<br \/>\nHKF \u2013 Katka Rozborilov\u00e1 (<a href=\"mailto:katarina.rozborilova@gmail.com\">katarina.rozborilova@gmail.com<\/a>)<\/p>\n","protected":false},"excerpt":{"rendered":"<p>Po\u010f s nami uzavrie\u0165 sez\u00f3nu! Preto\u017ee, k\u00fdm si na Paj\u0161t\u00fane nezlan\u00ed\u0161, skialpy a cep\u00edny musia osta\u0165 v skrini. Horolezeck\u00fd klub Filozof a Carpathian Climbing Club \u0164a poz\u00fdvaj\u00fa na Posledn\u00e9 zlanenie 2018 Budeme liez\u0165, zla\u0148ova\u0165 a zab\u00e1va\u0165 sa! Vid\u00edme sa v sobotu 27. okt\u00f3bra pod skalou na Paj\u0161t\u00fane a nesk\u00f4r na Chate pod Vrchom. A kto &hellip; <a href=\"https:\/\/www.carpathianclimb.sk\/?p=1267\" class=\"more-link\">Pokra\u010dova\u0165 na <span class=\"screen-reader-text\">Posledn\u00e9 zlanenie 2018<\/span> <span class=\"meta-nav\">&rarr;<\/span><\/a><\/p>\n","protected":false},"author":1,"featured_media":0,"comment_status":"closed","ping_status":"open","sticky":false,"template":"","format":"standard","meta":{"footnotes":""},"categories":[1],"tags":[],"class_list":["post-1267","post","type-post","status-publish","format-standard","hentry","category-novinky"],"_links":{"self":[{"href":"https:\/\/www.carpathianclimb.sk\/index.php?rest_route=\/wp\/v2\/posts\/1267","targetHints":{"allow":["GET"]}}],"collection":[{"href":"https:\/\/www.carpathianclimb.sk\/index.php?rest_route=\/wp\/v2\/posts"}],"about":[{"href":"https:\/\/www.carpathianclimb.sk\/index.php?rest_route=\/wp\/v2\/types\/post"}],"author":[{"embeddable":true,"href":"https:\/\/www.carpathianclimb.sk\/index.php?rest_route=\/wp\/v2\/users\/1"}],"replies":[{"embeddable":true,"href":"https:\/\/www.carpathianclimb.sk\/index.php?rest_route=%2Fwp%2Fv2%2Fcomments&post=1267"}],"version-history":[{"count":18,"href":"https:\/\/www.carpathianclimb.sk\/index.php?rest_route=\/wp\/v2\/posts\/1267\/revisions"}],"predecessor-version":[{"id":1285,"href":"https:\/\/www.carpathianclimb.sk\/index.php?rest_route=\/wp\/v2\/posts\/1267\/revisions\/1285"}],"wp:attachment":[{"href":"https:\/\/www.carpathianclimb.sk\/index.php?rest_route=%2Fwp%2Fv2%2Fmedia&parent=1267"}],"wp:term":[{"taxonomy":"category","embeddable":true,"href":"https:\/\/www.carpathianclimb.sk\/index.php?rest_route=%2Fwp%2Fv2%2Fcategories&post=1267"},{"taxonomy":"post_tag","embeddable":true,"href":"https:\/\/www.carpathianclimb.sk\/index.php?rest_route=%2Fwp%2Fv2%2Ftags&post=1267"}],"curies":[{"name":"wp","href":"https:\/\/api.w.org\/{rel}","templated":true}]}}