{"id":1412,"date":"2021-06-30T13:56:50","date_gmt":"2021-06-30T11:56:50","guid":{"rendered":"http:\/\/www.carpathianclimb.sk\/?p=1412"},"modified":"2021-06-30T14:06:35","modified_gmt":"2021-06-30T12:06:35","slug":"slovenske-chmatanie","status":"publish","type":"post","link":"https:\/\/www.carpathianclimb.sk\/?p=1412","title":{"rendered":"Slovensk\u00e9 chmatanie"},"content":{"rendered":"\n<p><strong>Moravsk\u00fd projekt pre slep\u00e9 deti. <\/strong><\/p>\n\n\n\n<p>Pred nejak\u00fdm \u010dasom som dostal telefon\u00e1t z \u010ciech. Na moje prekvapenie mi nevnucovali bambusov\u00e9 pono\u017eky. vypo\u010dul som si od kolegu lezca z Moravy, \u017ee pravidelne organizuj\u00fa pre slep\u00e9 deti nejak\u00e9 lezenie. Trochu ma to prekvapilo a od za\u010diatku som to bral dos\u0165 na \u013eahko. Nejak som si nevedel predstavi\u0165, ako by sme to vtesnali do programu. Dohodli sme sa, \u017ee mi to po\u0161le mailom a ja si to v k\u013eude premysl\u00edm. \u010c\u00edm viac som o tom prem\u00fd\u0161\u013eal, t\u00fdm ma to viac nadchlo a povedal som si &#8222;pre\u010do nie&#8220;? Vraj to robievaj\u00fa pravidelne a maj\u00fa s t\u00fdm sk\u00fasenosti, tak sa nie\u010do priu\u010d\u00edme a te\u0161\u00edme sa na to.<\/p>\n\n\n\n<p>Term\u00edn konania je dohodnut\u00fd na <strong>31.7.2021<\/strong><\/p>\n\n\n\n<p>Miesto konania bude na Meden\u00fdch h\u00e1mroch v detskom sektore. Asistenciu pri konan\u00ed zabezpe\u010dia aj lezci z n\u00e1\u0161ho klubu. (Ak m\u00e1\u0161 z\u00e1ujem pom\u00f4c\u0165 pri tejto akcii, tak mi p\u00ed\u0161 na Jozef Nov\u00e1k +421 903 176 533).<\/p>\n\n\n\n<p>Tie\u017e po\u017ei\u010diame nejak\u00e9 vybavenie.<\/p>\n\n\n\n<p>Jozef<\/p>\n","protected":false},"excerpt":{"rendered":"<p>Moravsk\u00fd projekt pre slep\u00e9 deti. Pred nejak\u00fdm \u010dasom som dostal telefon\u00e1t z \u010ciech. Na moje prekvapenie mi nevnucovali bambusov\u00e9 pono\u017eky. vypo\u010dul som si od kolegu lezca z Moravy, \u017ee pravidelne organizuj\u00fa pre slep\u00e9 deti nejak\u00e9 lezenie. Trochu ma to prekvapilo a od za\u010diatku som to bral dos\u0165 na \u013eahko. Nejak som si nevedel predstavi\u0165, ako &hellip; <a href=\"https:\/\/www.carpathianclimb.sk\/?p=1412\" class=\"more-link\">Pokra\u010dova\u0165 na <span class=\"screen-reader-text\">Slovensk\u00e9 chmatanie<\/span> <span class=\"meta-nav\">&rarr;<\/span><\/a><\/p>\n","protected":false},"author":1,"featured_media":0,"comment_status":"open","ping_status":"open","sticky":false,"template":"","format":"standard","meta":{"footnotes":""},"categories":[1],"tags":[],"class_list":["post-1412","post","type-post","status-publish","format-standard","hentry","category-novinky"],"_links":{"self":[{"href":"https:\/\/www.carpathianclimb.sk\/index.php?rest_route=\/wp\/v2\/posts\/1412","targetHints":{"allow":["GET"]}}],"collection":[{"href":"https:\/\/www.carpathianclimb.sk\/index.php?rest_route=\/wp\/v2\/posts"}],"about":[{"href":"https:\/\/www.carpathianclimb.sk\/index.php?rest_route=\/wp\/v2\/types\/post"}],"author":[{"embeddable":true,"href":"https:\/\/www.carpathianclimb.sk\/index.php?rest_route=\/wp\/v2\/users\/1"}],"replies":[{"embeddable":true,"href":"https:\/\/www.carpathianclimb.sk\/index.php?rest_route=%2Fwp%2Fv2%2Fcomments&post=1412"}],"version-history":[{"count":3,"href":"https:\/\/www.carpathianclimb.sk\/index.php?rest_route=\/wp\/v2\/posts\/1412\/revisions"}],"predecessor-version":[{"id":1431,"href":"https:\/\/www.carpathianclimb.sk\/index.php?rest_route=\/wp\/v2\/posts\/1412\/revisions\/1431"}],"wp:attachment":[{"href":"https:\/\/www.carpathianclimb.sk\/index.php?rest_route=%2Fwp%2Fv2%2Fmedia&parent=1412"}],"wp:term":[{"taxonomy":"category","embeddable":true,"href":"https:\/\/www.carpathianclimb.sk\/index.php?rest_route=%2Fwp%2Fv2%2Fcategories&post=1412"},{"taxonomy":"post_tag","embeddable":true,"href":"https:\/\/www.carpathianclimb.sk\/index.php?rest_route=%2Fwp%2Fv2%2Ftags&post=1412"}],"curies":[{"name":"wp","href":"https:\/\/api.w.org\/{rel}","templated":true}]}}