{"id":1670,"date":"2023-12-31T20:24:59","date_gmt":"2023-12-31T18:24:59","guid":{"rendered":"https:\/\/www.carpathianclimb.sk\/?p=1670"},"modified":"2023-12-31T20:24:59","modified_gmt":"2023-12-31T18:24:59","slug":"novinky-z-lezeckych-oblasti-v-bratislave-za-rok-2023","status":"publish","type":"post","link":"https:\/\/www.carpathianclimb.sk\/?p=1670","title":{"rendered":"Novinky z lezeck\u00fdch oblast\u00ed v Bratislave za rok 2023"},"content":{"rendered":"\n<p>Ahoj priatelia,<br>ako predseda Karpatsk\u00e9ho Lezeck\u00e9ho Klubu \u2013 Carpathian Climbing Club a akt\u00edvneho spr\u00e1vcu viacer\u00fdch lezeck\u00fdch oblast\u00ed v Bratislave, v\u00e1s chcem informova\u0165 o dian\u00ed na na\u0161ej skromnej sc\u00e9ne.<br><br>Na \u00favod podotknem, \u017ee v tomto \u010dl\u00e1nku p\u00ed\u0161em iba o lezeck\u00fdch oblastiach ktor\u00e9 sa nach\u00e1dzaj\u00fa na \u00fazem\u00ed mesta Bratislavy. S v\u00fdnimkou bouldrov\u00fdch oblast\u00ed s\u00fa to teda nasledovn\u00e9 lezeck\u00e9 lokality:<br><br>1. Plat\u0148a pod hradom<br>2. Technick\u00e9 sklo<br>3. Kamenn\u00e9 srdce \u2013 Dev\u00ednska Nov\u00e1 Ves<br><br>P\u00f4jdem po rade.<\/p>\n\n\n\n<p><strong>Plat\u0148a pod hradom<\/strong><br>Za jednozna\u010dne najv\u00e4\u010d\u0161\u00ed \u00faspech tejto sez\u00f3ny pova\u017eujem brig\u00e1du na Platni, ktor\u00e1 sa uskuto\u010dnila d\u0148a 22.7.2023. Pr\u00edbeh tejto akcie sa za\u010dal p\u00edsa\u0165 na stretnut\u00ed oblastnej rady SHS JAMES v Bratislave za\u010diatkom roka 2023. Dlhoro\u010dn\u00fdm predsedom na\u0161ej oblastnej rady a spr\u00e1vcom na Platni v jednej osobe je \u013dubom\u00edr Galansk\u00fd, ktor\u00e9ho mnoh\u00ed pozn\u00e1te pod prez\u00fdvkou \u201eJa\u0161ter\u201c. Na oblastnej rade pouk\u00e1zal na fakt, \u017ee p\u00f4vodne vybudovan\u00e9 terasy, ktor\u00e9 sl\u00fa\u017eili lezcom na platni dlh\u00e9 roky, ako stabiln\u00e9<br>poz\u00edcie na istenie lezca, s\u00fa vo ve\u013emi zlom stave. Z\u00e1rove\u0148 priznal, \u017ee moment\u00e1lne nedisponuje prostriedkami a pracovnou silou na n\u00e1pravu tohto stavu.<br><br>\/\/Tu si dovol\u00edm mal\u00fa vsuvku. Mnoho lezcov si neuvedomuje, \u017ee existuje tak\u00fd \u010dlovek, ktor\u00fd t\u00fa lezeck\u00fa oblas\u0165 spravuje, ale oni skuto\u010dne existuj\u00fa. V niektor\u00fdch pr\u00edpadoch, na realiz\u00e1ciu v\u00e4\u010d\u0161\u00edch projektov, potrebuje pomoc miestnej lezeckej komunity.\/\/<\/p>\n\n\n\n<p>Okam\u017eite som pon\u00fakol pomoc pri realiz\u00e1ci\u00ed. Spolu s nami s\u013e\u00fabil \u00fa\u010das\u0165 a podporu aj predseda klubu HK FRIENDS. Za\u010dalo sa nieko\u013eko mesa\u010dn\u00e9 pl\u00e1novanie, obhliadky a vyhl\u00e1senie finan\u010dnej zbierky na zabezpe\u010denie materi\u00e1lu. U\u017e pozn\u00e1m silu miestnej lezeckej komunity a te\u0161\u00ed ma z\u00e1ujem osloven\u00fdch \u013eud\u00ed. Som akt\u00edvny lezec a in\u0161truktor lezenia. Stret\u00e1vam sa s lezcami pravidelne a mnoho \u013eud\u00ed bolo nad\u0161en\u00fdch, tou predstavou spolupr\u00e1ce, \u010do ma nap\u013a\u0148alo optimizmom. Na pozad\u00ed tohto projektu prebehlo pomerne ve\u013ea \u201enevidite\u013en\u00fdch \u00fakonov\u201c a mailovej komunik\u00e1cie. \u017diados\u0165 o pomoc s projektom som rozposlal do 28 miestnych klubov. Ve\u013emi sme sa sna\u017eili zverejni\u0165 term\u00edn tejto brig\u00e1dy mesiac pred jej pl\u00e1novanou realiz\u00e1ciou. To sa \u017eia\u013e nepodarilo, ale napriek tomu n\u00e1s hojn\u00e1 \u00fa\u010das\u0165 a pracovn\u00fd z\u00e1pal dobrovo\u013en\u00edkov milo prekvapil. 22.7.2023 sa na platni zi\u0161lo 17 pracovit\u00fdch \u013eud\u00ed. Priniesli si aj n\u00e1radie a dobr\u00fa n\u00e1ladu. Cel\u00e9 n\u00e1klady na k\u00fapu materi\u00e1lu a ob\u010derstvenia pokryli vyzbieran\u00e9 dary. Podarilo sa n\u00e1m vybudova\u0165 tri \u00farovne ter\u00e1s, \u010do bol na jeden de\u0148 ve\u013emi slu\u0161n\u00fd v\u00fdkon. <\/p>\n\n\n\n<p>T\u00e1to akcia je jednozna\u010dn\u00fdm d\u00f4kazom, \u017ee miestna lezeck\u00e1 komunita je siln\u00e1 a stav na\u0161ich lezeck\u00fdch oblast\u00ed jej nie je \u013eahostajn\u00fd. Finan\u010dne,  materi\u00e1lne aj pr\u00e1cou sa podie\u013eali hlavne kluby:<\/p>\n\n\n\n<ul class=\"wp-block-list\">\n<li>Karpatsk\u00fd lezeck\u00fd klub &#8211; Carpathian Climbing Club<\/li>\n\n\n\n<li>HK Friends<\/li>\n\n\n\n<li>HK Skupina Mravec<\/li>\n\n\n\n<li>Horolezeck\u00fd oddiel IAMES Bratislava<\/li>\n\n\n\n<li>Horolezeck\u00fd klub Extr\u00e9m Bratislava<\/li>\n<\/ul>\n\n\n\n<p>Z\u00fa\u010dastnilo sa tie\u017e minim\u00e1lne 6 priamo registrovan\u00fdch \u010dlenov SHS JAMES.<br><br>T\u00e1to brig\u00e1da bola prvou etapou a v roku 2024 je pl\u00e1novan\u00e9 druh\u00e9 kolo v ktorom sa vybuduj\u00fa schody. Materi\u00e1l je zabezpe\u010den\u00fd.<\/p>\n\n\n\n<p><strong>Technick\u00e9 sklo<\/strong><br>Na technickom skle \u017eia\u013e t\u00fato sez\u00f3nu nebolo mo\u017en\u00e9 robi\u0165 \u017eiadne \u00fapravy, aj ke\u010f som dostal nieko\u013eko podnetov. V\u00fdnimka z ochrany pr\u00edrody st\u00e1le je st\u00e1le vo vybavovan\u00ed a ver\u00edme v skor\u00e9 dorie\u0161enie tejto situ\u00e1cie. N\u00e1sledne je na pl\u00e1ne rev\u00edzia zla\u0148ovac\u00edch stanov\u00ed\u0161\u0165 a postupov\u00fdch isten\u00ed.<\/p>\n\n\n\n<p><strong>Kamenn\u00e9 srdce<\/strong><br>Je najmlad\u0161ia oblas\u0165 v Bratislave. Mnoho lezcov jej vznik ani nepostrehlo. No nen\u00e1padne sa tu rozv\u00edja u\u017e nieko\u013eko rokov. V roku 2023 pribudli dve lezeck\u00e9 l\u00ednie, \u010d\u00edm sa celkov\u00fd po\u010det ciest zv\u00fd\u0161il na 15.<br><br>Do\u010dasn\u00e9 postupov\u00e9 istenia boli nahraden\u00e9 lepen\u00fdmi.<br><br>Do\u010dasn\u00e9 lan\u00e1 v zla\u0148\u00e1koch boli nahraden\u00e9 re\u0165azami. V nasleduj\u00facich<br>sez\u00f3nach predpoklad\u00e1me nav\u00fd\u0161enie po\u010dtu ciest.<\/p>\n\n\n\n<p><strong>S pozdravom<br><\/strong><br><strong>Jozef Nov\u00e1k<br>predseda Karpatsk\u00e9ho Lezeck\u00e9ho Klubu \u2013 Carpathian Climbing Club<\/strong><\/p>\n","protected":false},"excerpt":{"rendered":"<p>Ahoj priatelia,ako predseda Karpatsk\u00e9ho Lezeck\u00e9ho Klubu \u2013 Carpathian Climbing Club a akt\u00edvneho spr\u00e1vcu viacer\u00fdch lezeck\u00fdch oblast\u00ed v Bratislave, v\u00e1s chcem informova\u0165 o dian\u00ed na na\u0161ej skromnej sc\u00e9ne. Na \u00favod podotknem, \u017ee v tomto \u010dl\u00e1nku p\u00ed\u0161em iba o lezeck\u00fdch oblastiach ktor\u00e9 sa nach\u00e1dzaj\u00fa na \u00fazem\u00ed mesta Bratislavy. S v\u00fdnimkou bouldrov\u00fdch oblast\u00ed s\u00fa to teda nasledovn\u00e9 lezeck\u00e9 &hellip; <a href=\"https:\/\/www.carpathianclimb.sk\/?p=1670\" class=\"more-link\">Pokra\u010dova\u0165 na <span class=\"screen-reader-text\">Novinky z lezeck\u00fdch oblast\u00ed v Bratislave za rok 2023<\/span> <span class=\"meta-nav\">&rarr;<\/span><\/a><\/p>\n","protected":false},"author":5,"featured_media":0,"comment_status":"closed","ping_status":"","sticky":false,"template":"","format":"standard","meta":{"footnotes":""},"categories":[1],"tags":[],"class_list":["post-1670","post","type-post","status-publish","format-standard","hentry","category-novinky"],"_links":{"self":[{"href":"https:\/\/www.carpathianclimb.sk\/index.php?rest_route=\/wp\/v2\/posts\/1670","targetHints":{"allow":["GET"]}}],"collection":[{"href":"https:\/\/www.carpathianclimb.sk\/index.php?rest_route=\/wp\/v2\/posts"}],"about":[{"href":"https:\/\/www.carpathianclimb.sk\/index.php?rest_route=\/wp\/v2\/types\/post"}],"author":[{"embeddable":true,"href":"https:\/\/www.carpathianclimb.sk\/index.php?rest_route=\/wp\/v2\/users\/5"}],"replies":[{"embeddable":true,"href":"https:\/\/www.carpathianclimb.sk\/index.php?rest_route=%2Fwp%2Fv2%2Fcomments&post=1670"}],"version-history":[{"count":6,"href":"https:\/\/www.carpathianclimb.sk\/index.php?rest_route=\/wp\/v2\/posts\/1670\/revisions"}],"predecessor-version":[{"id":1676,"href":"https:\/\/www.carpathianclimb.sk\/index.php?rest_route=\/wp\/v2\/posts\/1670\/revisions\/1676"}],"wp:attachment":[{"href":"https:\/\/www.carpathianclimb.sk\/index.php?rest_route=%2Fwp%2Fv2%2Fmedia&parent=1670"}],"wp:term":[{"taxonomy":"category","embeddable":true,"href":"https:\/\/www.carpathianclimb.sk\/index.php?rest_route=%2Fwp%2Fv2%2Fcategories&post=1670"},{"taxonomy":"post_tag","embeddable":true,"href":"https:\/\/www.carpathianclimb.sk\/index.php?rest_route=%2Fwp%2Fv2%2Ftags&post=1670"}],"curies":[{"name":"wp","href":"https:\/\/api.w.org\/{rel}","templated":true}]}}