{"id":25,"date":"2014-09-10T23:04:31","date_gmt":"2014-09-10T21:04:31","guid":{"rendered":"http:\/\/www.carpathianclimb.sk\/?p=25"},"modified":"2014-10-17T22:03:25","modified_gmt":"2014-10-17T20:03:25","slug":"druhy-post","status":"publish","type":"post","link":"https:\/\/www.carpathianclimb.sk\/?p=25","title":{"rendered":"Prv\u00e1 cesta na Meden\u00fdch H\u00e1mroch otvoren\u00e1"},"content":{"rendered":"<p style=\"text-align:justify\">So Zdenkou preliezame prv\u00fa cestu na Meden\u00fdch H\u00e1mroch v\u00f4bec, a\u00a0tie\u017e prv\u00fa v\u00a0sektore \u201cPlat\u0148a\u201c a\u00a0d\u00e1vame jej n\u00e1zov \u201cPrav\u00e1 hrana\u201c. Na\u0161e hodnotenie je 5\/5+, no treba viacero hodnotite\u013eov <span style=\"font-family: Wingdings,serif;\">\uf04a<\/span> Va\u0161e hodnotenie m\u00f4\u017eete zasiela\u0165 na <a href=\"mailto:info@carpathianclimb.sk\">info@carpathianclimb.sk<\/a><\/p>\n<p style=\"text-align: center;\"><img decoding=\"async\" src=\"\/images\/prelez_prvej_cesty1.jpg\" alt=\"Prelez prvej cesty\" \/><br \/>\nPrelez prvej cesty<\/p>\n<p>Autor: Bra\u0148o<\/p>\n","protected":false},"excerpt":{"rendered":"<p>So Zdenkou preliezame prv\u00fa cestu na Meden\u00fdch H\u00e1mroch v\u00f4bec, a\u00a0tie\u017e prv\u00fa v\u00a0sektore \u201cPlat\u0148a\u201c a\u00a0d\u00e1vame jej n\u00e1zov \u201cPrav\u00e1 hrana\u201c. Na\u0161e hodnotenie je 5\/5+, no treba viacero hodnotite\u013eov \uf04a Va\u0161e hodnotenie m\u00f4\u017eete zasiela\u0165 na info@carpathianclimb.sk Prelez prvej cesty Autor: Bra\u0148o<\/p>\n","protected":false},"author":1,"featured_media":0,"comment_status":"closed","ping_status":"closed","sticky":false,"template":"","format":"standard","meta":{"footnotes":""},"categories":[1],"tags":[],"class_list":["post-25","post","type-post","status-publish","format-standard","hentry","category-novinky"],"_links":{"self":[{"href":"https:\/\/www.carpathianclimb.sk\/index.php?rest_route=\/wp\/v2\/posts\/25","targetHints":{"allow":["GET"]}}],"collection":[{"href":"https:\/\/www.carpathianclimb.sk\/index.php?rest_route=\/wp\/v2\/posts"}],"about":[{"href":"https:\/\/www.carpathianclimb.sk\/index.php?rest_route=\/wp\/v2\/types\/post"}],"author":[{"embeddable":true,"href":"https:\/\/www.carpathianclimb.sk\/index.php?rest_route=\/wp\/v2\/users\/1"}],"replies":[{"embeddable":true,"href":"https:\/\/www.carpathianclimb.sk\/index.php?rest_route=%2Fwp%2Fv2%2Fcomments&post=25"}],"version-history":[{"count":7,"href":"https:\/\/www.carpathianclimb.sk\/index.php?rest_route=\/wp\/v2\/posts\/25\/revisions"}],"predecessor-version":[{"id":147,"href":"https:\/\/www.carpathianclimb.sk\/index.php?rest_route=\/wp\/v2\/posts\/25\/revisions\/147"}],"wp:attachment":[{"href":"https:\/\/www.carpathianclimb.sk\/index.php?rest_route=%2Fwp%2Fv2%2Fmedia&parent=25"}],"wp:term":[{"taxonomy":"category","embeddable":true,"href":"https:\/\/www.carpathianclimb.sk\/index.php?rest_route=%2Fwp%2Fv2%2Fcategories&post=25"},{"taxonomy":"post_tag","embeddable":true,"href":"https:\/\/www.carpathianclimb.sk\/index.php?rest_route=%2Fwp%2Fv2%2Ftags&post=25"}],"curies":[{"name":"wp","href":"https:\/\/api.w.org\/{rel}","templated":true}]}}