{"id":269,"date":"2015-02-10T21:02:22","date_gmt":"2015-02-10T19:02:22","guid":{"rendered":"http:\/\/www.carpathianclimb.sk\/?p=269"},"modified":"2015-02-11T14:59:21","modified_gmt":"2015-02-11T12:59:21","slug":"utek-za-zimou-do-spanielska","status":"publish","type":"post","link":"https:\/\/www.carpathianclimb.sk\/?p=269","title":{"rendered":"\u00datek za zimou do \u0160panielska"},"content":{"rendered":"<p>\n<label style=\"float: left; margin: 1px 15px 1px 0px;\"><img decoding=\"async\"  src=\"\/images\/clanky\/01spa2015.jpg\" width=\"500\"\/><\/label>Na konci decembra a za\u010diatkom janu\u00e1ra sme u\u017e nevedeli myslie\u0165 na ni\u010d in\u00e9, ako na \u0160panielsko. U\u017e si ani nepam\u00e4t\u00e1m kedy naposledy sme boli na dlh\u0161om v\u00fdjazde a tak rados\u0165 z bl\u00ed\u017eiaceho sa odchodu gradovala. Destin\u00e1ciu sme si vybrali n\u00e1hodne po\u010das jedn\u00e9ho jesenn\u00e9ho ve\u010dera a cez viano\u010dn\u00e9 sviatky sme napl\u00e1novali pribli\u017en\u00fd pl\u00e1n cesty. Hlavnou kostrou boli samozrejme lezeck\u00e9 oblasti, ktor\u00e9 sme chceli nav\u0161t\u00edvi\u0165, tak\u017ee kult\u00farno-pozn\u00e1vacia \u010dinnos\u0165 (\u010falej len KP\u010c) sa musela prisp\u00f4sobi\u0165, aj ke\u010f neochotne. N\u00e1v\u0161tevu ve\u013ek\u00fdch miest sme v demokratickom hlasovani neschv\u00e1lili a tak sa v\u00fdber op\u00e4\u0165 trochu zmen\u0161il a dokonca v okol\u00ed lezeck\u00fdch top oblast\u00ed sa hanebne nenach\u00e1dzalo ni\u010d a pod\u013ea bedekra to malo by\u0165 jedno z najnudnej\u0161\u00edch miest \u0160panielska. Nenenchali sme sa vyvies\u0165 z miery a nechali sme to na n\u00e1hodu. <\/p>\n<p>Ke\u010f\u017ee sme rodn\u00fa hrudu op\u00fa\u0161\u0165ali bez spolucestuj\u00facich, \u010do by si pravdepodobne n\u00e1rokovali na sedadlo (a ktovie \u010do e\u0161te), nechali sme zbyto\u010dn\u00fa z\u00e1\u0165a\u017e doma a miesto pod plo\u0161inou na spanie sme do posledn\u00e9ho centimetra zaplnili prepotrebn\u00fdmi haraburdami. <label style=\"float: right; margin: 1px 0px 1px 15px;\"><img decoding=\"async\"  src=\"\/images\/clanky\/02spa2015.jpg\" width=\"330\"\/><br \/>\nSn\u00eddan\u011b v tr\u00e1v\u011b vo Franc\u00fazsku<\/label>Na vrch sme nah\u00e1dzali matrace, spac\u00e1ky, dve u\u0161at\u00e9 potvory a vyrazili sme. Nemali sme sa kam pon\u00e1h\u013ea\u0165, tak\u017ee sme si vo \u0160vaj\u010diarsku dopriali v\u00fddatn\u00fd sp\u00e1nok a na druh\u00fd de\u0148 sme dorazili do franc\u00fazskeho Gorges de la Jonte. <label style=\"float: left; margin: 1px 15px 1px 0px;\"><br \/>\n<img decoding=\"async\"  src=\"\/images\/clanky\/03spa2015.jpg\" width=\"330\"\/><br \/>Gorges de la Jonte<\/label> Auto sme nechali pri ceste pod ve\u017eami v tvare v\u00e1z a upa\u013eovali sme spozn\u00e1va\u0165 vertik\u00e1lne ter\u00e9ny. Chceli sme to tam presk\u00fama\u0165 a tak sme u\u010dinili jedno z t\u00fdch hor\u0161\u00edch rozhodnut\u00ed \u2013 liez\u0165 budeme v sektore na opa\u010dnom konci \u00fadolia \u2013 no aby sme si to cel\u00e9 poriadne prezreli. Skala vyzerala \u00fachvatne, nad hlavami n\u00e1m svi\u0161\u0165ali kr\u00eddla supov a pomaly n\u00e1m doch\u00e1dzalo, \u017ee tie supy sa sn\u00e1\u010f dnes aj na\u017eer\u00fa, preto\u017ee do toho n\u00e1\u0161ho sektora bolo st\u00e1le akosi \u010faleko. Po urputnej nekone\u010dnej ceste sme nakoniec do\u0161li.  Nebolo to ni\u010d sl\u00e1vne, klasa tro\u0161ku mimo reality, ale to m\u00e1me za to, \u017ee sme sa chceli rozlieza\u0165 v 6-\u00e1\u010dkach. Doliezli sme a ja som zistila, \u017ee jedna prepotrebn\u00e1 s\u00fa\u010das\u0165 n\u00e1\u0161ho v\u00fdjazdu n\u00e1s cestou popod skaly opustila a bude dobr\u00e9 ju \u00eds\u0165 poh\u013eada\u0165. <label style=\"float: right; margin: 1px 0px 1px 15px;\"><img decoding=\"async\"  src=\"\/images\/clanky\/04spa2015.jpg\" width=\"370\"\/><br \/>\u00da\u017easn\u00e9 divadlo neboj\u00e1cnych supov<\/label> Kazov decembrov\u00fd vyvrtnut\u00fd \u010dlenok zauj\u00edmavo zv\u00e4\u010d\u0161il objem a tak som mu dala len zop\u00e1r naj\u0165a\u017e\u0161\u00edch vec\u00ed, s ktor\u00fdmi zbehol dole na cestu a k autu. Ja s U\u0161at\u00fdmi sme \u201ena\u013eahko\u201c be\u017eali popod skaly. Stratili sme sa ako Jan\u00ed\u010dko a Marienka v lese, s t\u00fdm rozdielom, \u017ee pern\u00edkov\u00fa chal\u00fapku u\u017e asi niekto zo\u017eral. Po chrbte mi pot tiekol c\u00edcerkom a beh do kopca sa za\u010d\u00ednal n\u00e1padne podoba\u0165 plazeniu. Tesne pred zotmen\u00edm som inkriminovan\u00fd predmet u\u017e znovu vlastnila a radostne poskakovala rozbit\u00fdm chodn\u00ed\u010dkom pomedzi hnusn\u00e9 pich\u013eav\u00e9 ju\u017eansk\u00e9 kr\u00edky k ceste. Pri aute na m\u0148a \u010dakal vysmiaty Kazo s tou najlep\u0161ou polievkou ak\u00fa som kedy jedla. <\/p>\n<p>Pokra\u010dovali sme na juh, prerazili cez Andorru a zakotvili na p\u00e1r dn\u00ed bl\u00edzko svetozn\u00e1mej oblasti, Oliany.Col de Narg\u00f3 \u2013 lezenie nad sala\u0161om s b\u013ea\u010diacimi ovcami, ktor\u00e9 sa p\u00e1rkr\u00e1t za de\u0148  prevalia popod skaly. <label style=\"float: left; margin: 1px 15px 1px 0px;\"><img decoding=\"async\"  src=\"\/images\/clanky\/05spa2015.jpg\" width=\"270\"\/><br \/>Hroziaca ekologick\u00e1 katastr\u00f3fa za\u017eehnan\u00e1<\/label><label style=\"float: right; margin: 1px 0px 1px 15px;\"><img decoding=\"async\"  src=\"\/images\/clanky\/06spa2015.jpg\" width=\"360\"\/><br \/>Skalnat\u00fd hrebe\u0148 v Col de Narg\u00f3<\/label>Na lezenie si treba zvykn\u00fa\u0165 a tro\u0161ku sa zorientova\u0165. Lezeck\u00fdch mo\u017enost\u00ed je tam sp\u00fasta a u\u017e tu sme mali pocit, \u017ee skalnatej\u0161ie miesto na zemi u\u017e ani neexistuje. De\u0148 vo\u013ena sme str\u00e1vili bezcie\u013enym potulovan\u00edm po okol\u00ed, z \u010doho sa nakoniec vyk\u013eula \u201etrochu\u201c dlh\u0161ia prech\u00e1dzka. A to sme e\u0161te netu\u0161ili, \u017ee na\u0161e oddychov\u00e9 dni sa bud\u00fa nies\u0165 v podobnom duchu a\u017e do konca&#8230; <label style=\"float: left; margin: 1px 15px 1px 0px;\"><img decoding=\"async\"  src=\"\/images\/clanky\/07spa2015.jpg\" width=\"420\"\/><br \/>Chrumkav\u00e1 skala v Perles<\/label><label style=\"float: right; margin: 1px 0px 1px 15px;\"><img decoding=\"async\"  src=\"\/images\/clanky\/08spa2015.jpg\" width=\"190\"\/><br \/>Lezenica v Perles<\/label>\u010eal\u0161\u00ed de\u0148 \u010fal\u0161ia oblas\u0165. R\u00e1no zima, ako na Sib\u00edri a slnko nie a nie vyliez\u0165 spoza kopca. Na skaly v Perles, asi 10 km od Col de Narg\u00f3, sme vyrazili v p\u00e1perk\u00e1ch a drti\u010doch mrazu. Rozmrazili n\u00e1s a\u017e prv\u00e9 l\u00fa\u010de slnka pod skalami.  V\u00fdborne sme si zaliezli v peknej oblasti\u010dke, klasa tie\u017e celkom sedela. <\/p>\n<p><label style=\"float: left; margin: 1px 15px 1px 0px;\"><br \/>\n<img decoding=\"async\"  src=\"\/images\/clanky\/09spa2015.jpg\" width=\"260\"\/><br \/>\nJeden z \u201ebudzog\u00e1\u0148ov\u201c v Ciudad Encantada<\/label><label style=\"float: right; margin: 1px 0px 1px 15px;\"><br \/>\n<img decoding=\"async\"  src=\"\/images\/clanky\/10spa2015.jpg\" width=\"350\"\/><br \/>\n4 tankisti v \u0160panielsku &#8211; Maxa, A\u0148a, Ajd\u00fal, Kazi\u010d<\/label><br \/>Po lezenici v Perles sme sa e\u0161te urazili kus cesty cez Lleidu a Zarragozu do bl\u00edzkosti Madridu. Cie\u013e \u2013 Cuenca. Vo\u013en\u00fd de\u0148 n\u00e1s zaviedol do skaln\u00e9ho mesta Ciudad Encantada s prapodivn\u00fdmi skaln\u00fdmi \u00fatvarmi a trochu so \u0161\u0165ast\u00edm sme hne\u010f na prv\u00fa bombu zohnali lezeck\u00e9ho sprievodcu v nen\u00e1padnom kn\u00edhkupectve. <label style=\"float: right; margin: 1px 0px 1px 15px;\"><br \/>\n<img decoding=\"async\"  src=\"\/images\/clanky\/11spa2015.jpg\" width=\"300\"\/><br \/>\nBo\u017esk\u00e1 Cuenca. Valdecabras s 25 m stenami&#8230;<\/label>Cuenca ma dostala hne\u010f na prv\u00fd poh\u013ead. Dve dlh\u00e9 \u00fadolia, ktor\u00e9 s\u00fa lemovan\u00e9 z oboch str\u00e1n skalami, ktor\u00e9 mi atmosf\u00e9rou ve\u013emi pripom\u00ednali Labsk\u00e9 \u00fadolie. Skala pr\u00edjemnej farby, tvarov&#8230;e\u0161te si ju treba chyti\u0165. Lezenie bo\u017esk\u00e9, \u013eud\u00ed m\u00e1lo, miesto na spanie sa tie\u017e dalo n\u00e1js\u0165. Str\u00e1vili sme tu dva skvel\u00e9 lezeck\u00e9 dni a ur\u010dite by sme tu e\u0161te zostali, keby sa nemalo pokazi\u0165 po\u010dasie a ne\u010dakala n\u00e1s Chulilla. <label style=\"float: left; margin: 1px 15px 1px 0px;\"><br \/>\n<img decoding=\"async\"  src=\"\/images\/clanky\/12spa2015.jpg\" width=\"330\"\/><br \/>\nChytovat\u00e1 vertik\u00e1la v Cuence<\/label>Posledn\u00fd de\u0148 v Cuence sme vyu\u017eili na KP\u010c.  Vychutnali sme si kr\u00e1sne star\u00e9 mesto, na\u0161li sl\u00e1vne visut\u00e9 domy, poobdivovali kr\u00e1sne v\u00fdh\u013eady, pomotali sa v \u00fadol\u00ed rieky Hu\u00e9car a zistili, \u017ee okrem dvoch \u00fadol\u00ed je tu e\u0161te \u010fal\u0161ie, bo\u010dn\u00e9, s rovnako skvel\u00fdmi mo\u017enos\u0165ami na lezenie.<\/p>\n<p><label><img decoding=\"async\"  src=\"\/images\/clanky\/15spa2015.jpg\"\/><br \/>\nJeden breh \u00fadolia rieky Hu\u00e9car &#8211; zlomok sk\u00e1l v Cuence<\/label><br \/>\n<label><img decoding=\"async\"  src=\"\/images\/clanky\/16spa2015.jpg\"\/><br \/>\nVisut\u00e9 domy starom meste, Cuenca<\/label><\/p>\n<p>Okrem toho, \u017ee sme v Cuence osl\u00e1vili v\u0161etko potrebn\u00e9, vymysleli sme aj nov\u00fd model sp\u00e1nkov\u00e9ho re\u017eimu. <label style=\"float: left; margin: 1px 15px 1px 0px;\"><br \/>\n<img decoding=\"async\"  src=\"\/images\/clanky\/17spa2015.jpg\" width=\"200\"\/><br \/>\nOslava bola aj s tortou<\/label><label style=\"float: right; margin: 1px 0px 1px 15px;\"><br \/>\n<img decoding=\"async\"  src=\"\/images\/clanky\/13spa2015.jpg\" width=\"350\"\/><br \/>\nVe\u010dern\u00e1 pohoda v ob\u00fdva\u010dke<\/label>Pribli\u017ene o 19:00 sa zotmelo a v\u00e4\u010d\u0161inou do dvoch hod\u00edn sme unaven\u00ed zaspali. R\u00e1no slnko vych\u00e1dzalo a\u017e okolo 8:00 a za\u010dalo hria\u0165 a\u017e okolo 9:00. Bolo hrozn\u00e9, ke\u010f sme sa po tme zobudili \u00faplne vyspat\u00ed a zistili sme, \u017ee je e\u0161te len 1:00. Vymysleli sme teda no\u010dn\u00fa prest\u00e1vku. Ve\u010der \u010d\u00edtame, k\u00fdm vl\u00e1dzeme, sp\u00edme, od 1:00  do 3:00 \u010d\u00edtame a potom sp\u00edme a\u017e do r\u00e1na. O 8:00 vst\u00e1vam, oble\u010diem si dve p\u00e1perky a idem so psami, Kazo \u010d\u00edta a striehne na slnko. Ke\u010f sa vr\u00e1tim, do ob\u00fdva\u010dky u\u017e svieti slnko a v hrnci pr\u00e1ve za\u010dala vrie\u0165 voda. Rozlo\u017e\u00edm stoli\u010dky a rann\u00e1 hostina m\u00f4\u017ee za\u010da\u0165. Toto \u010dlovek doma nem\u00e1 a tak sme si to u\u017e\u00edvali ako sa dalo.  S mal\u00fdmi obmenami n\u00e1m tento model vydr\u017eal a\u017e do posledn\u00e9ho d\u0148a. <label margin: 1px 0px 1px 15px;\"><br \/>\n<img decoding=\"async\"  src=\"\/images\/clanky\/14spa2015.jpg\"\/><br \/>\nZahajujeme oddychov\u00fd de\u0148<\/label><\/p>\n<p><label style=\"float: left; margin: 1px 15px 1px 0px;\"><img decoding=\"async\"  src=\"\/images\/clanky\/18spa2015.jpg\" width=\"500\"\/><br \/>Nekone\u010dn\u00e9 mo\u017enosti v ka\u0148one v Chulille<\/label><label style=\"float: left; margin: 1px 15px 1px 0px;\"><img decoding=\"async\"  src=\"\/images\/clanky\/19spa2015.jpg\" width=\"500\"\/><br \/>Star\u00e1 arabsk\u00e1 pevnos\u0165 nad dedinkou Chulilla<\/label>Chulilla bola \u010fal\u0161ia v porad\u00ed. Z Cuency to bolo na skok, cca 180 km smer Valencia. \u201eUbytovali\u201c sme sa na brehu vodnej n\u00e1dr\u017ee Pantano de Loriguilla a vyrazili do ka\u0148onu s kolm\u00fdmi stenami vysok\u00fdmi h\u00e1dam aj 70 \u2013 80 metrov. Skaly na m\u0148a p\u00f4sobili ozrutne a na chv\u00ed\u013eu ma premohol strach a obavy. V tieni bolo st\u00e1le chladno a tak sme rad\u0161ej ok\u00fasili slne\u010dn\u00e9 steny. Po prv\u00fdch metroch sa obavy rozplynuli, lezenie bolo fantastick\u00e9 a to sme vyu\u017eili naozaj len zlomok mo\u017enost\u00ed ka\u0148onu. Jeden skvel\u00fd de\u0148 sme str\u00e1vili aj v Cherales, sektore ktor\u00fd sa nach\u00e1dza mimo ka\u0148on, ale v zauj\u00edmavom prostred\u00ed. Tak\u00e1 nehostinn\u00e1 divo\u010dina, strm\u00e9 zr\u00e1zy a zrazu mandar\u00ednkov\u00fd sad s tonou popadan\u00fdch oran\u017eov\u00fdch guli\u010diek na zemi, kri\u010diacich zjedz ma!. Pre\u010do v\u0161etky tie man\u010fo\u0161ky zostali bez pov\u0161imnutia na zemi sme nezistili, ale zop\u00e1r sme ochutnali a boli fantastick\u00e9. Lezenie bolo neuverite\u013en\u00e9. Strm\u00e9 platne vyzerali zdola nelezite\u013ene, ale v\u017edy bol zapusten\u00fd chyt na tom spr\u00e1vnom mieste. Objavili sme tam aj ne\u010dakane romantick\u00e9 z\u00e1kutie skryt\u00e9 v bambusovom lese s jazierkom a zauj\u00edmavou skalou obalenou usadeninami. Stmievalo sa a romantika sa rozplynula pri nepr\u00edjemnom prechode cez rieku po ledabolo poukladan\u00fdch kame\u0148och hr\u00e1dze jazierka. Iba z\u00e1zrakom sme vyviazli suchou nohou. <\/p>\n<p><label style=\"float: right; margin: 1px 0px 1px 15px;\"><img decoding=\"async\"  src=\"\/images\/clanky\/20spa2015.jpg\" width=\"550\"\/><br \/>Valencia, meste\u010dko umenia a vedy a zrazu sme na inej plan\u00e9te<\/label><label style=\"float: right; margin: 1px 0px 1px 15px;\"><img decoding=\"async\"  src=\"\/images\/clanky\/21spa2015.jpg\" width=\"550\"\/><br \/>Valencia skr\u00fdva r\u00f4zne z\u00e1kutia<\/label><label style=\"float: right; margin: 1px 0px 1px 15px;\"><img decoding=\"async\"  src=\"\/images\/clanky\/22spa2015.jpg\" width=\"550\"\/><br \/>Dom\u010deky vo Valencii<\/label>Ka\u0148on, hlavn\u00fd bod programu, bol skvel\u00fd. 35-metrov\u00e9 cesty v par\u00e1dnej skale, nevy\u0161m\u00fdkan\u00e9, nepre\u013eudnen\u00e9, tich\u00e9, slne\u010den\u00e9 aj tienist\u00e9. Stalo sa v\u0161ak to, na \u010do som \u010dakala cel\u00fd \u010das &#8211; ako ke\u010f lezie\u0161 cestu ob\u0165a\u017enosti na svojej hornej hranici a \u010dak\u00e1\u0161, kedy pr\u00edde to \u0165a\u017ek\u00e9 miesto. \u00danava &#8211; chronick\u00e1, ne\u00faprosn\u00e1 a dotierav\u00e1. Chcelo by to vkuse aspo\u0148 3 oddychov\u00e9 dni. \u010cas n\u00e1vratu sa ale pomaly bl\u00ed\u017eil a my sme e\u0161te chceli nie\u010do stihn\u00fa\u0165, tak\u017ee oddych sa zase nekonal. Otvorili sme sprievodcu Costa Blanca a Kazo na\u0161iel zauj\u00edmav\u00fa oblasti\u010dku Montesa. Po ceste sme mali Valenciu a ke\u010f\u017ee bedeker n\u00e1s trochu zmanipuloval sam\u00fdmi superlat\u00edvami na adresu pr\u00edmorskej metropoly a tretieho najv\u00e4\u010d\u0161ieho mesta, rozhodli sme sa predsa len pre n\u00e1v\u0161tevu. Autorom \u00fato\u010dn\u00e9ho pl\u00e1nu som bola ja a tak sme si zase raz \u201eodd\u00fdchli\u201c ako sa patr\u00ed. Star\u00e9 mesto je obkolesen\u00e9 zelen\u00fdm p\u00e1som, ktor\u00fd sme pre\u0161li cel\u00fd a a\u017e potom n\u00e1m do\u0161lo, \u017ee je to star\u00e9 koryto rieky, ktor\u00e9 premenili na pekn\u00fd park s ihriskami a chodn\u00ed\u010dkami. Na konci bolo meste\u010dko umenia a vedy, ktor\u00e9 bolo ako z in\u00e9ho sveta \u2013 a\u017e moc. Star\u00e9 mesto sme pre\u0161li nepl\u00e1novane kr\u00ed\u017eom-kr\u00e1\u017eom, ob\u010das n\u00e1s prekvapili pr\u00edjemn\u00e9 z\u00e1kutia, inokedy zase \u0161ialen\u00e9 stavby, ktor\u00e9 boli tie\u017e mimo realitu \u2013 vtedaj\u0161iu aj teraj\u0161iu. Pln\u00ed dojmov, ale aj ohu\u010dan\u00ed mno\u017estvom \u013eud\u00ed a povyku sme boli radi, ke\u010f sme kone\u010dne nasadli do auta a vypadli z mesta, smer Montesa. Zaliezli sme si v\u00fdborne, aj ke\u010f ob\u010das to bol poriadny boj. Zauj\u00edmav\u00e1 skala (mix v\u00e1penec a piesok) s dierami. Probl\u00e9m bol len vtedy, ke\u010f diery zmizli a zostal tam len brizolit bez chytov a stupov. Bola som rada, \u017ee tie 7a-\u010dka, \u010do sme mali v pl\u00e1ne sme u\u017e mali za sebou. Ve\u010der prsty v plame\u0148och a ko\u017ea len z\u00e1zrakom dr\u017eala pokope. Pr\u00edmorsk\u00e9 slnko m\u00e1 predsa len silu a rozhodne n\u00e1s ne\u0161etrilo.<\/p>\n<p><label style=\"float: left; margin: 1px 15px 1px 0px;\"><img decoding=\"async\"  src=\"\/images\/clanky\/23spa2015.jpg\" width=\"235\"\/><br \/>\nZauj\u00edmav\u00e1 skala v Montese<\/label><label style=\"float: left; margin: 1px 15px 1px 0px;\"><img decoding=\"async\"  src=\"\/images\/clanky\/24spa2015.jpg\" width=\"235\"\/><br \/>\nPrv\u00e9 kroky na deravom brizolite<\/label><label style=\"float: left; margin: 1px 0px 1px 0px;\"><img decoding=\"async\"  src=\"\/images\/clanky\/25spa2015.jpg\" width=\"265\"\/><br \/>\nKazo veget\u00ed v jednom v\u00e4\u010d\u0161om chyte<\/label><\/p>\n<p><label style=\"float: left; margin: 1px 15px 1px 0px;\"><br \/>\n<img decoding=\"async\"  src=\"\/images\/clanky\/26spa2015.jpg\" width=\"300\"\/><br \/>\nPevnos\u0165 v Tolede<\/label>\u010eal\u0161ie dni sa niesli v znamen\u00ed KP\u010c a nie hocijakej. Najsk\u00f4r Consuegra s kr\u00e1snymi donquijotovsk\u00fdmi mlynmi, medzi ktor\u00fdmi sme sa prech\u00e1dzali chv\u00ed\u013eu po v\u00fdchode slnka.  <label style=\"float: right; margin: 1px 0px 1px 15px;\"><br \/>\n<img decoding=\"async\"  src=\"\/images\/clanky\/27spa2015.jpg\" width=\"300\"\/><br \/>\nDom\u010deky vo Valencii<\/label>Potom Toledo s \u201ebratislavsk\u00fdm\u201c hradom pote\u0161ilo mno\u017estvom z\u00e1kut\u00ed a uli\u010diek, ale aj zmesou kult\u00far, ktor\u00e9 tu zanechali svoje stopy. Bolo tu ale c\u00edti\u0165 v\u00e4\u010d\u0161iu d\u00e1vku komercie, zov\u0161adia\u013e tr\u010dali natiahnut\u00e9 ruky p\u00fdtaj\u00face nejak\u00fd gro\u0161. K\u013eud, na ktor\u00fd sme boli zvyknut\u00ed, n\u00e1m doprial a\u017e El Escorial, obrovsk\u00fd kl\u00e1\u0161tor a pal\u00e1c v \u00fa\u017easnom horskom prostred\u00ed. <label style=\"float: left; margin: 1px 15px 1px 0px;\"><br \/>\n<img decoding=\"async\"  src=\"\/images\/clanky\/28spa2015.jpg\" width=\"300\"\/><br \/>\nEl Escorial n\u00e1m vyrazil dych<\/label>Dorazili sme tam tesne pred zotmen\u00edm a tak sme si vychutnali farebn\u00fa \u0161ou mraziv\u00e9ho z\u00e1padu slnka a nakoniec aj no\u010dn\u00fa <label style=\"float: right; margin: 1px 0px 1px 15px;\"><br \/>\n<img decoding=\"async\"  src=\"\/images\/clanky\/29spa2015.jpg\" width=\"300\"\/><br \/>\nSami na obrovskom n\u00e1dvor\u00ed, Escorial<\/label>prech\u00e1dzku mestom a nasvieten\u00fd kl\u00e1\u0161tor s vy\u013eudnen\u00fdm n\u00e1dvor\u00edm. Od Segovie sme ve\u013ea ne\u010dakali, ale nakoniec prekvapila asi najviac. Dlh\u00fd a vzne\u0161en\u00fd akvadukt zo za\u010diatku letopo\u010dtu, star\u00e9 dom\u010deky s omietkami od v\u00fdmyslu sveta, obrovsk\u00e1 na\u010dan\u010dan\u00e1 gotick\u00e1 katedr\u00e1la, zvn\u00fatra v\u0161ak decentn\u00e1, tich\u00e1, n\u00fatiaca k zamysleniu a pokore a tie\u017e srandovn\u00e1 pevnos\u0165 \u00e1 la Disneyland.<br \/>\nA na \u00fapln\u00fd z\u00e1ver Patones&#8230;. k tomu len to\u013eko, \u017ee do konca v\u00fdjazdu sme toto miesto e\u0161te \u010dasto spom\u00ednali. Patones&#8230;.<\/p>\n<p><label margin: 1px 0px 1px 15px;\"><img decoding=\"async\"  src=\"\/images\/clanky\/31spa2015.jpg\"\/><br \/>\nAkvadukt v Segovii &#8211; d\u00f4myslne ulo\u017een\u00e1 kopa kame\u0148a<\/label><label margin: 1px 0px 1px 15px;\"><img decoding=\"async\"  src=\"\/images\/clanky\/32spa2015.jpg\"\/><br \/>\nNo comment&#8230; vedeli majstri ako na to<\/label><label margin: 1px 0px 1px 15px;\"><img decoding=\"async\"  src=\"\/images\/clanky\/33spa2015.jpg\"\/><br \/>\nVy\u010da\u010dkan\u00e1 katedr\u00e1la v Segovii &#8211; vraj posledn\u00e1 gotick\u00e1 stavba v \u0160panielsku<\/label><label margin: 1px 0px 1px 15px;\"><img decoding=\"async\"  src=\"\/images\/clanky\/34spa2015.jpg\"\/><br \/>\nPevnos\u0165 ako z rozpr\u00e1vky, Segovia<\/label><\/p>\n<p><label style=\"float: left; margin: 1px 15px 1px 0px;\"><img decoding=\"async\"  src=\"\/images\/clanky\/35spa2015.jpg\" width=\"300\"\/><br \/>\nOliana. Hne\u010f vpravo, ved\u013ea lezca <br \/>v \u010dervenom je La Dura Dura, 9b+<\/label>Nekone\u010dne roz\u013eahl\u00fdmi n\u00e1horn\u00fdmi pustatinami sme zamierili na sever. V Oliane sme a\u017e r\u00e1no zbadali, \u017ee \u201etady je to sam\u00e1 sk\u00e1la\u201c. T\u00e1, ktor\u00fa sme h\u013eadali, bola jasn\u00e1 a tak sme vyrazili. K\u00fdm sme pri\u0161li na skaly, odkia\u013esi sa dovalil z\u00e1kern\u00fd front, zakryl slnko a bolo po pohode. Chv\u00ed\u013eu sme sa motali, h\u013eadali, ale po telefon\u00e1te s Jo\u017eom Kri\u0161toffym sme zastali pod stenou, zdvihli zrak a len nech\u00e1pavo pokr\u00fatili hlavou &#8230; La Dura Dura &#8230; 9b+&#8230; . Od\u0161uchtali sme sa do\u013eava, vyliezli zop\u00e1r \u013eahk\u00fdch ciest a zmrznut\u00ed na kos\u0165 sa vr\u00e1tili k autu. K\u00fdm sme dovarili obed, slnko op\u00e4\u0165 vyliezlo spoza mrakov a tak sme stihli e\u0161te labu\u017en\u00edcky nasa\u0165 posledn\u00e9 \u0161panielske slne\u010dn\u00e9 l\u00fa\u010de. Bol koniec. <label style=\"float: right; margin: 1px 0px 1px 15px;\"><img decoding=\"async\"  src=\"\/images\/clanky\/36spa2015.jpg\" width=\"300\"\/><br \/>\nCesta domov v znamen\u00ed snehu a vetra<\/label>Pred nami kopa kilometrov, sne\u017eenie, zl\u00e9 cesty, z\u00e1pcha v Mn\u00edchove, p\u00e1r desiatok hod\u00edn za volantom a nakoniec star\u00e1 zn\u00e1ma adresa  &#8211;  sprcha s teplou &#8211; \u010do teplou &#8211; hor\u00facou vodou, v krbe prask\u00e1 drevo, ma\u010dka tichu\u010dko pradie na kolen\u00e1ch, psy spokojne spia a v noci v posteli nemrzne. Po takmer mesiaci v bojov\u00fdch podmienkach si u\u017e\u00edvame prepych domova. Potajomky v\u0161ak obidvaja d\u00fafame, \u017ee nie nadlho&#8230;<\/p>\n<p>21 dn\u00ed na cest\u00e1ch \/ 11 dn\u00ed na skale \/ nalezen\u00e9 okolo 1300 m \/ najazden\u00e9 6500 km<\/p>\n<p style=\"text-align:justify\">Autor: A\u0148a<\/p>\n","protected":false},"excerpt":{"rendered":"<p>Na konci decembra a za\u010diatkom janu\u00e1ra sme u\u017e nevedeli myslie\u0165 na ni\u010d in\u00e9, ako na \u0160panielsko. U\u017e si ani nepam\u00e4t\u00e1m kedy naposledy sme boli na dlh\u0161om v\u00fdjazde a tak rados\u0165 z bl\u00ed\u017eiaceho sa odchodu gradovala. Destin\u00e1ciu sme si vybrali n\u00e1hodne po\u010das jedn\u00e9ho jesenn\u00e9ho ve\u010dera a cez viano\u010dn\u00e9 sviatky sme napl\u00e1novali pribli\u017en\u00fd pl\u00e1n cesty. Hlavnou kostrou &hellip; <a href=\"https:\/\/www.carpathianclimb.sk\/?p=269\" class=\"more-link\">Pokra\u010dova\u0165 na <span class=\"screen-reader-text\">\u00datek za zimou do \u0160panielska<\/span> <span class=\"meta-nav\">&rarr;<\/span><\/a><\/p>\n","protected":false},"author":1,"featured_media":0,"comment_status":"closed","ping_status":"open","sticky":false,"template":"","format":"standard","meta":{"footnotes":""},"categories":[1],"tags":[],"class_list":["post-269","post","type-post","status-publish","format-standard","hentry","category-novinky"],"_links":{"self":[{"href":"https:\/\/www.carpathianclimb.sk\/index.php?rest_route=\/wp\/v2\/posts\/269","targetHints":{"allow":["GET"]}}],"collection":[{"href":"https:\/\/www.carpathianclimb.sk\/index.php?rest_route=\/wp\/v2\/posts"}],"about":[{"href":"https:\/\/www.carpathianclimb.sk\/index.php?rest_route=\/wp\/v2\/types\/post"}],"author":[{"embeddable":true,"href":"https:\/\/www.carpathianclimb.sk\/index.php?rest_route=\/wp\/v2\/users\/1"}],"replies":[{"embeddable":true,"href":"https:\/\/www.carpathianclimb.sk\/index.php?rest_route=%2Fwp%2Fv2%2Fcomments&post=269"}],"version-history":[{"count":171,"href":"https:\/\/www.carpathianclimb.sk\/index.php?rest_route=\/wp\/v2\/posts\/269\/revisions"}],"predecessor-version":[{"id":445,"href":"https:\/\/www.carpathianclimb.sk\/index.php?rest_route=\/wp\/v2\/posts\/269\/revisions\/445"}],"wp:attachment":[{"href":"https:\/\/www.carpathianclimb.sk\/index.php?rest_route=%2Fwp%2Fv2%2Fmedia&parent=269"}],"wp:term":[{"taxonomy":"category","embeddable":true,"href":"https:\/\/www.carpathianclimb.sk\/index.php?rest_route=%2Fwp%2Fv2%2Fcategories&post=269"},{"taxonomy":"post_tag","embeddable":true,"href":"https:\/\/www.carpathianclimb.sk\/index.php?rest_route=%2Fwp%2Fv2%2Ftags&post=269"}],"curies":[{"name":"wp","href":"https:\/\/api.w.org\/{rel}","templated":true}]}}