{"id":516,"date":"2015-02-23T23:03:04","date_gmt":"2015-02-23T21:03:04","guid":{"rendered":"http:\/\/www.carpathianclimb.sk\/?p=516"},"modified":"2015-02-23T23:28:47","modified_gmt":"2015-02-23T21:28:47","slug":"lady-v-bielovodskej","status":"publish","type":"post","link":"https:\/\/www.carpathianclimb.sk\/?p=516","title":{"rendered":"\u013dady v Bielovodskej"},"content":{"rendered":"<p>Kone\u010dne! Po 1,5 roku tatranskej abstinencie som sa odhodlal str\u00e1vi\u0165 pred\u013a\u017een\u00fd v\u00edkend v Bielovodskej doline. Zavolali ma chlapci z Michaloviec na oslavu jubilea svojho klubu, tak \u010di ich pr\u00eddem podpori\u0165? A e\u0161te sa tam m\u00e1 uk\u00e1za\u0165 m\u00f4j tatransk\u00fd spolulezec Stano, ktor\u00fd sa vr\u00e1til z Patag\u00f3nie. Tak\u017ee sam\u00e9 plusy: kr\u00e1tky n\u00e1stup, lacn\u00e9 ubytko, kopec dobr\u00fdch \u013eud\u00ed gu\u013e\u00e1\u0161 a Stanova predn\u00e1\u0161ka o lezen\u00ed v Patag\u00f3nii. Bolo  rozhodnut\u00e9!! U\u017e mi ost\u00e1valo iba si zohna\u0165 odvoz a spolulezca. Tak za\u010dalo  obvol\u00e1vanie  telef\u00f3nneho zoznamu. S ponukou s\u00fahlasil Jano, s  ktor\u00fdm pravidelne bouldrujem a m\u00e1 aj auto \ud83d\ude42 Do auta sa k n\u00e1m pridal aj Bra\u0148o.  Vyr\u00e1\u017eame v \u0161tvrtok po pr\u00e1ci, nahadzujeme lezeck\u00fd matro\u0161, ly\u017ee a dobru n\u00e1ladu.<br \/>\nS Bra\u0148om sa zoznamujeme  a otv\u00e1rame prv\u00e9 piv\u00e1.  Cesta n\u00e1m ubieha r\u00fdchlej\u0161ie, ke\u010f hecujeme Jana k obiehaniu kami\u00f3nov, no na t\u00fdch Donovaloch ma nemal po\u010d\u00fava\u0165&#8230; Chvalabohu stihli sme to  a ja som u\u017e dr\u017eal zob\u00e1k. Ru\u017eomberok za nami a proviant v kufri \ud83d\ude42 A kone\u010dne je tu Lys\u00e1 Po\u013eana, pomaly sa zoznamujeme, ubytov\u00e1vame, prip\u00edjame, bouldrujeme&#8230;<\/p>\n<p><label style=\"float: left; margin: 1px 15px 1px 0px;\"><img decoding=\"async\" src=\"\/images\/clanky\/matus01.JPG\" width=\"400\"\/><br \/>zla\u0148ovanie Mrozeka<\/label>O 6:00 zvonia bud\u00edky, \u0165a\u017e\u0161ie sa st\u00e1va, ale \u010do u\u017e. Ob\u00favame ly\u017eiarky a lep\u00edme p\u00e1sy, po 20 min\u00fatach sme pod n\u00e1stupom. Zis\u0165ujeme, \u017ee p\u00e1sy bola zbyto\u010dnos\u0165 no Jano sa rozhoduje, \u017ee ich u\u017eiv\u00ed a ide sa kukn\u00fa\u0165 pod Mlyn\u00e1ra. My s Bra\u0148om si vol\u00edme &#8222;Mrozekov \u013ead&#8220; (50m, obtia\u017enos\u0165 4). Bra\u0148ovi nie je po predch\u00e1dzaj\u00facom ve\u010deri najlep\u0161ie, tak preto \u0165ahanie padlo na m\u0148a. Som trochu priposran\u00fd, ale \u0165ah\u00e1m a v\u0155tam \u0161r\u00f3by, kde sa len d\u00e1. Nohu e\u0161te st\u00e1le nem\u00e1m v poriadku, a preto mi polo\u017een\u00e9 pas\u00e1\u017ee robia probl\u00e9my a natek\u00e1 mi do l\u00fdtok&#8230;.Cvak\u00e1m sa do  \u0161tandu sad\u00e1m si a vyklep\u00e1vam nohy o 106. Ani mi poriadne neodte\u010d\u00fa a u\u017e je pri mne Bra\u0148o. Men\u00edme si matro\u0161 a naliezam \u010falej, te\u010die to tam ako v jari, ale to mi v\u00f4bec nevad\u00ed, \u0161r\u00f3bujem, cvak\u00e1m, krochk\u00e1m si, ake to je kr\u00e1sne. A u\u017e je tu \u010fal\u0161\u00ed \u0161tand v kosodrevine. Za in\u00fdch okolnost\u00ed by to bola iba jedna d\u013a\u017eka ale na\u010do to hro\u0165i\u0165. Zla\u0148ujeme a ja prem\u00fd\u0161\u013eam, ktor\u00fd \u013ead p\u00f4jdeme ako \u010fal\u0161\u00ed. Ale Bra\u0148o u\u017e m\u00e1 dos\u0165 a h\u00e1d\u017ee ty\u010dku. Tie pazvuky, ktor\u00e9 pri tom vyd\u00e1va, stoja za v\u0161etky drobn\u00e9. A\u017e vtedy som pochopil, \u017ee je mu fakt zle \ud83d\ude00 Bal\u00ed veci a ide sp\u00e4\u0165 na chatu. Ja idem obkukn\u00fa\u0165 Michalov\u010danov ako im to lezie&#8230; <\/p>\n<p><label style=\"float: right; margin: 1px 0px 1px 15px;\"><img decoding=\"async\" src=\"\/images\/clanky\/matus02.JPG\" width=\"300\"\/><br \/>pohodov\u00fd \u0161tand v Kask\u00e1dach<\/label>Ve\u010der na chate u\u017e pop\u00edjame pivo a in\u00e9 lakocinky, ve\u010deriame a chyst\u00e1me v\u0161etko potrebn\u00e9 na predn\u00e1\u0161ku. Stano u\u017e do\u0161iel, vr\u00facne objatie 1, 2, 3 horce a hur\u00e1 ide sa premieta\u0165. Prekr\u00e1sne fotky, strhuj\u00face pr\u00edbehy. Pop\u00edjame pivo, zajed\u00e1me to slaninkou a my\u0161lienkami sme tam sn\u00edm. E\u0161te zop\u00e1r obr\u00e1zkov a u\u017e ma bud\u00ed bud\u00edk. Chalani sa smej\u00fa ako som zalomil, no \u010do u\u017e \ud83d\ude00 <\/p>\n<p><label style=\"float: left; margin: 1px 15px 1px 0px;\"><img decoding=\"async\" src=\"\/images\/clanky\/matus04.jpg\" width=\"300\"\/><br \/>Stano Filkor v O\u010diach pln\u00fdch \u013eadu<\/label>Ruksaky s\u00fa zbalen\u00e9 a my najeden\u00ed. Vyr\u00e1\u017eam ako prv\u00fd, v\u0161ak kr\u00edvam a oni ma r\u00fdchlo dobehn\u00fa. U\u017e sme pod n\u00e1stupom, \u0165ah\u00e1me prv\u00fa pln\u00fa d\u013a\u017eku z kask\u00e1d a na \u0161tande sa rozhodujeme &#8222;O\u010di pln\u00e9 \u013eadu&#8220; alebo dolezieme &#8222;Kask\u00e1dy&#8220;. Nikomu sa do kolmice <label style=\"float: right; margin: 1px 0px 1px 15px;\"><img decoding=\"async\" src=\"\/images\/clanky\/matus03.jpg\" width=\"340\"\/><br \/>Kask\u00e1dy &#8211; druh\u00e1 d\u013a\u017eka<\/label>nechcelo, tak vol\u00edme &#8222;Kask\u00e1dy! a rad je na Janovi. Ide opatrne ale isto, e\u0161te \u017ee m\u00e1me perovky lebo slnko v nedoh\u013eadne a dobre n\u00e1m to f\u00faka. Jano u\u017e \u0161tanduje a my val\u00edme za n\u00edm, kr\u00e1sna d\u013a\u017eka. \u010co chv\u00ed\u013ea sme u\u017e hore, vrcholov\u00e1 ciga a spokojnos\u0165. Zatia\u013e \u010do zla\u0148ujeme, <label style=\"float: right; margin: 1px 0px 1px 15px;\"><img decoding=\"async\" src=\"\/images\/clanky\/matus05.jpg\" width=\"250\"\/><br \/>Adin \u00fasmev &#8211; druh\u00e1 d\u013a\u017eka<\/label>Stano za\u010d\u00edna s preh\u013eadom liez\u0165 &#8222;O\u010di pln\u00e9 \u013eadu&#8220;. \u010cochv\u00ed\u013ea je aj hore a kri\u010d\u00ed, \u010di to p\u00f4jdeme za n\u00edm, no slnko je u\u017e v \u013eade a neriskujeme to! Aspo\u0148 ho odfot\u00edm a ticho z\u00e1vid\u00edm. Na dnes to bal\u00edme nako\u013eko v &#8222;Adinom \u00fasmeve&#8220; s\u00fa \u0161ory ako v Tuzexe. Po ceste slint\u00e1me nad &#8222;Vzdu\u0161n\u00fdm \u013eadom&#8220; hmmmmmmmmm&#8230; A vykec\u00e1vam sa zo Stanom o \u017eivote, sexe, \u017een\u00e1ch a bud\u00facich pl\u00e1noch. Na chate zadel\u00edme gul\u00e1\u0161 a pivo. L\u00fa\u010dime sa so Stanom a Jano s Bra\u0148om id\u00fa ly\u017eova\u0165 do Bachledky . Mne sa nechce a vol\u00edm pitie piva. Na chate to \u017eije tak, ako m\u00e1. V nede\u013eu je r\u00e1no pozvo\u013enej\u0161ie, miesto ra\u0148ajok pivo a pod n\u00e1stupom radler. S Janom nastupujeme do &#8222;Adinho \u00fasmevu&#8220;, 2 d\u013a\u017eky celkom pekn\u00e9 cca 70metrov. Z\u00e1ver v\u00fdletu: v\u0161etci sme \u017eiv\u00ed a  zdrav\u00ed, a\u017e na jeden privret\u00fd prst v okne :D, po\u010dasie n\u00e1m vy\u0161lo par\u00e1dne a u\u017e sa te\u0161\u00edm na \u010fal\u0161ie v\u00fdjazdy s borcami.  <\/p>\n<p>Autor: Mat\u00fa\u0161 (mo\u017enoraz\u010dlen CCC)<\/p>\n","protected":false},"excerpt":{"rendered":"<p>Kone\u010dne! Po 1,5 roku tatranskej abstinencie som sa odhodlal str\u00e1vi\u0165 pred\u013a\u017een\u00fd v\u00edkend v Bielovodskej doline. Zavolali ma chlapci z Michaloviec na oslavu jubilea svojho klubu, tak \u010di ich pr\u00eddem podpori\u0165? A e\u0161te sa tam m\u00e1 uk\u00e1za\u0165 m\u00f4j tatransk\u00fd spolulezec Stano, ktor\u00fd sa vr\u00e1til z Patag\u00f3nie. Tak\u017ee sam\u00e9 plusy: kr\u00e1tky n\u00e1stup, lacn\u00e9 ubytko, kopec dobr\u00fdch \u013eud\u00ed &hellip; <a href=\"https:\/\/www.carpathianclimb.sk\/?p=516\" class=\"more-link\">Pokra\u010dova\u0165 na <span class=\"screen-reader-text\">\u013dady v Bielovodskej<\/span> <span class=\"meta-nav\">&rarr;<\/span><\/a><\/p>\n","protected":false},"author":1,"featured_media":0,"comment_status":"closed","ping_status":"open","sticky":false,"template":"","format":"standard","meta":{"footnotes":""},"categories":[1],"tags":[],"class_list":["post-516","post","type-post","status-publish","format-standard","hentry","category-novinky"],"_links":{"self":[{"href":"https:\/\/www.carpathianclimb.sk\/index.php?rest_route=\/wp\/v2\/posts\/516","targetHints":{"allow":["GET"]}}],"collection":[{"href":"https:\/\/www.carpathianclimb.sk\/index.php?rest_route=\/wp\/v2\/posts"}],"about":[{"href":"https:\/\/www.carpathianclimb.sk\/index.php?rest_route=\/wp\/v2\/types\/post"}],"author":[{"embeddable":true,"href":"https:\/\/www.carpathianclimb.sk\/index.php?rest_route=\/wp\/v2\/users\/1"}],"replies":[{"embeddable":true,"href":"https:\/\/www.carpathianclimb.sk\/index.php?rest_route=%2Fwp%2Fv2%2Fcomments&post=516"}],"version-history":[{"count":16,"href":"https:\/\/www.carpathianclimb.sk\/index.php?rest_route=\/wp\/v2\/posts\/516\/revisions"}],"predecessor-version":[{"id":532,"href":"https:\/\/www.carpathianclimb.sk\/index.php?rest_route=\/wp\/v2\/posts\/516\/revisions\/532"}],"wp:attachment":[{"href":"https:\/\/www.carpathianclimb.sk\/index.php?rest_route=%2Fwp%2Fv2%2Fmedia&parent=516"}],"wp:term":[{"taxonomy":"category","embeddable":true,"href":"https:\/\/www.carpathianclimb.sk\/index.php?rest_route=%2Fwp%2Fv2%2Fcategories&post=516"},{"taxonomy":"post_tag","embeddable":true,"href":"https:\/\/www.carpathianclimb.sk\/index.php?rest_route=%2Fwp%2Fv2%2Ftags&post=516"}],"curies":[{"name":"wp","href":"https:\/\/api.w.org\/{rel}","templated":true}]}}