{"id":540,"date":"2015-04-14T22:43:37","date_gmt":"2015-04-14T20:43:37","guid":{"rendered":"http:\/\/www.carpathianclimb.sk\/?p=540"},"modified":"2015-04-21T08:39:28","modified_gmt":"2015-04-21T06:39:28","slug":"pozvanka-na-pajstunsky-budicek-a-brigadu-na-hamroch","status":"publish","type":"post","link":"https:\/\/www.carpathianclimb.sk\/?p=540","title":{"rendered":"Pozv\u00e1nka na Paj\u0161t\u00fansky bud\u00ed\u010dek a brig\u00e1du na H\u00e1mroch"},"content":{"rendered":"<p>Poz\u00fdvame v\u0161etk\u00fdch na dve akcie, ktor\u00e9 sa bud\u00fa kona\u0165 v jeden kr\u00e1sny apr\u00edlov\u00fd v\u00edkend.<\/p>\n<p><label style=\"float: left; margin: 1px 15px 1px 0px;\"><img decoding=\"async\" src=\"\/images\/clanky\/pajstun2.jpg\" width=\"250\"\/><\/label>HK Filozof poz\u00fdva v\u0161etk\u00fdch lezenia chtiv\u00fdch na tradi\u010dn\u00fd jarn\u00fd zraz &#8211; Paj\u0161t\u00fansky bud\u00ed\u010dek, ktor\u00fd sa bude kona\u0165 v sobotu, 25.4.2015 na Paj\u0161t\u00fane. S\u00fa\u010das\u0165ou zrazu je aj lezeck\u00fd marat\u00f3n, ktor\u00fd prever\u00ed, \u010do ste v zime robili. Ve\u010der n\u00e1s \u010dak\u00e1 poriadna socializ\u00e1cia a Martin Kras\u0148ansk\u00fd premietne fotky z Jord\u00e1nska. Viac inform\u00e1ci\u00ed na Filozofickej str\u00e1nke (http:\/\/hkfilozof.sk\/pajstunsky-budicek-25-4-2015-brigada-na-medenych-hamroch-26-4-2015\/)<\/p>\n<p>Hne\u010f v nede\u013eu 26. 5. 2015 \u2013 na druh\u00fd de\u0148 po Bud\u00ed\u010dku, organizuje Carpathian climbing club Brig\u00e1du na H\u00e1mroch. V\u00edtan\u00ed s\u00fa v\u0161etci, \u010do chc\u00fa prilo\u017ei\u0165 ruku k dielu. Po Bud\u00ed\u010dku to bude mo\u017eno o trochu ta\u017e\u0161ie, ale ka\u017ed\u00e1 ruka n\u00e1jde vyu\u017eitie.<\/p>\n<p>Ak pl\u00e1nujete svoju \u00fa\u010das\u0165 na Bud\u00ed\u010dku alebo na brig\u00e1de, alebo aj aj, dajte vedie\u0165 na anna@linek.sk<\/p>\n<p>Vid\u00edme sa na skal\u00e1ch!<\/p>\n<p>Autor: A\u0148a<\/p>\n","protected":false},"excerpt":{"rendered":"<p>Poz\u00fdvame v\u0161etk\u00fdch na dve akcie, ktor\u00e9 sa bud\u00fa kona\u0165 v jeden kr\u00e1sny apr\u00edlov\u00fd v\u00edkend. HK Filozof poz\u00fdva v\u0161etk\u00fdch lezenia chtiv\u00fdch na tradi\u010dn\u00fd jarn\u00fd zraz &#8211; Paj\u0161t\u00fansky bud\u00ed\u010dek, ktor\u00fd sa bude kona\u0165 v sobotu, 25.4.2015 na Paj\u0161t\u00fane. S\u00fa\u010das\u0165ou zrazu je aj lezeck\u00fd marat\u00f3n, ktor\u00fd prever\u00ed, \u010do ste v zime robili. Ve\u010der n\u00e1s \u010dak\u00e1 poriadna socializ\u00e1cia a &hellip; <a href=\"https:\/\/www.carpathianclimb.sk\/?p=540\" class=\"more-link\">Pokra\u010dova\u0165 na <span class=\"screen-reader-text\">Pozv\u00e1nka na Paj\u0161t\u00fansky bud\u00ed\u010dek a brig\u00e1du na H\u00e1mroch<\/span> <span class=\"meta-nav\">&rarr;<\/span><\/a><\/p>\n","protected":false},"author":1,"featured_media":0,"comment_status":"closed","ping_status":"open","sticky":false,"template":"","format":"standard","meta":{"footnotes":""},"categories":[1],"tags":[],"class_list":["post-540","post","type-post","status-publish","format-standard","hentry","category-novinky"],"_links":{"self":[{"href":"https:\/\/www.carpathianclimb.sk\/index.php?rest_route=\/wp\/v2\/posts\/540","targetHints":{"allow":["GET"]}}],"collection":[{"href":"https:\/\/www.carpathianclimb.sk\/index.php?rest_route=\/wp\/v2\/posts"}],"about":[{"href":"https:\/\/www.carpathianclimb.sk\/index.php?rest_route=\/wp\/v2\/types\/post"}],"author":[{"embeddable":true,"href":"https:\/\/www.carpathianclimb.sk\/index.php?rest_route=\/wp\/v2\/users\/1"}],"replies":[{"embeddable":true,"href":"https:\/\/www.carpathianclimb.sk\/index.php?rest_route=%2Fwp%2Fv2%2Fcomments&post=540"}],"version-history":[{"count":10,"href":"https:\/\/www.carpathianclimb.sk\/index.php?rest_route=\/wp\/v2\/posts\/540\/revisions"}],"predecessor-version":[{"id":550,"href":"https:\/\/www.carpathianclimb.sk\/index.php?rest_route=\/wp\/v2\/posts\/540\/revisions\/550"}],"wp:attachment":[{"href":"https:\/\/www.carpathianclimb.sk\/index.php?rest_route=%2Fwp%2Fv2%2Fmedia&parent=540"}],"wp:term":[{"taxonomy":"category","embeddable":true,"href":"https:\/\/www.carpathianclimb.sk\/index.php?rest_route=%2Fwp%2Fv2%2Fcategories&post=540"},{"taxonomy":"post_tag","embeddable":true,"href":"https:\/\/www.carpathianclimb.sk\/index.php?rest_route=%2Fwp%2Fv2%2Ftags&post=540"}],"curies":[{"name":"wp","href":"https:\/\/api.w.org\/{rel}","templated":true}]}}