{"id":667,"date":"2015-09-15T13:20:47","date_gmt":"2015-09-15T11:20:47","guid":{"rendered":"http:\/\/www.carpathianclimb.sk\/?p=667"},"modified":"2015-09-15T14:26:01","modified_gmt":"2015-09-15T12:26:01","slug":"moj-zaciatok-v-tatrach","status":"publish","type":"post","link":"https:\/\/www.carpathianclimb.sk\/?p=667","title":{"rendered":"M\u00f4j za\u010diatok v Tatr\u00e1ch"},"content":{"rendered":"<p>\nDlho som u\u017e prem\u00fd\u0161\u013eal nad horolezectvom a dlho ma to l\u00e1kalo. Av\u0161ak za mojich 7 rokov lezenia na skalk\u00e1ch, som mal mo\u017enos\u0165 ok\u00fasi\u0165 taternictvo a\u017e toto leto. Pravdupovediac, dostalo ma to.<br \/>\nBola asi polka j\u00fala, ke\u010f Filozof\u00e1ci organizovali z\u00e1ver kurzu na Brn\u010dalke. Rozbuch ma tam zavolal a ja so zmie\u0161an\u00fdmi pocitmi socky z nejak\u00e9ho CCC som tam pri\u0161iel. Po prvom ve\u010deri sa bari\u00e9ry zlomili a podal som si ruku aj s Petrou \u0160.<br \/>\n\u010eal\u0161\u00ed de\u0148 sa niesol v duchu \u017der\u00fach a kamz\u00edkov ktor\u00fdm chutil m\u00f4j mo\u010d. T\u00fdmto \u010fakujem Badinovi \u017ee sa so mnou naviazal, aj ke\u010f vedel, \u017ee to je m\u00f4j prv\u00fd dotyk s tatranskou \u017eulou. Zaiskril. I\u0161li sme knihu, Vitam\u00edny pre knihu, Korsvoldov tanec a \u010cepe\u013eu. <\/p>\n<p>\n<label style=\"float: left; margin: 1px 10px 1px 0px;\"><img decoding=\"async\" src=\"\/images\/clanky\/tatrypeto\/tatrypeto1.jpg\" width=\"250\"\/><br \/>Weberovka, 4. d\u013a\u017eka<\/label>Bol piatok ve\u010der a tradi\u010dn\u00e9 otvorenie ple*ovej sez\u00f3ny. O 4 r\u00e1no sme na heliporte \u0165ahali spod Maja bouldermatky a s n\u00e1dejou na romantick\u00fa noc pod hviezdami sme to v\u0161etci hne\u010f zalomili.<br \/>\nAle nezabudol som nastavi\u0165 bud\u00edk, lebo r\u00e1no o 8 m\u00e1m dohodnut\u00fd n\u00e1stup do Weberovky s Pe\u0165ou \u0160! &#8218;Pre\u010do v\u0161etci o tej Weberovke to\u013eko rozpr\u00e1vaj\u00fa?&#8216;<br \/>\nPrv\u00e1 ve\u013ek\u00e1 stena v \u017eivote (po Cima Grande chodn\u00edkom). Hmm mus\u00edm spravi\u0165 dojem na t\u00fa Pe\u0165u. Druh\u00e1 d\u013a\u017eka a friend si cupit\u00e1 po nie moc p\u00f4\u017eitk\u00e1rskom tr\u00e1vnatom ter\u00e9ne.<br \/>\nUps.<br \/>\nPre\u017eil to aj friend aj Pe\u0165a. Lezieme \u010falej, Ja\u0161ko na n\u00e1s zhadzuje kamene, dobiehame ho v hrane weberovky, cigaretka na \u0161tande a PR\u00c1\u00c1\u00c1SK!! V\u0161etci sme zr\u00fdchlili tempo, bl\u00ed\u017ei sa b\u00farka.<br \/>\nPosledn\u00e9 3 (na\u0161\u0165astie \u013eahk\u00e9) d\u013a\u017eky leje a trieska to okolo n\u00e1s. Nemeck\u00fd rebr\u00edk- sme zachr\u00e1nen\u00ed! Naozaj? Ozajstn\u00e9 peklo sa za\u010dalo a\u017e pri zla\u0148ovan\u00ed. 3 hodiny b\u00farky v tom \u017e\u013eabe spravilo rieku, do ktorej si Ke\u017emar\u00e1k h\u00e1dzal &#8222;\u017eabky&#8220; so \u0161utrami ako hlava.<br \/>\nBoli sme v sra\u010dk\u00e1ch, ale na chate pri rume sa n\u00e1m kr\u00e1sne smialo.\n<\/p>\n<p>\n<label style=\"float: right; margin: 1px 0px 1px 10px;\"><img decoding=\"async\" src=\"\/images\/clanky\/tatrypeto\/tatrypeto2.jpg\" width=\"250\"\/><br \/>\u010cihulov pilier, 5-ta d\u013a\u017eka<\/label>Ve\u010der nasledovalo barov\u00e9 zbli\u017eovanie \u010d.3 a nede\u013ea odchod do Terchovej. Zdravotn\u00fd dozor, splav na Vltave, nede\u013ea pr\u00edchod domov, pr\u00e1\u010dka, sprcha a utorok smer Man\u00ednska za Pe\u0165ou. Obujem lezky za\u010dne pr\u0161a\u0165. Ideme do Skalky (miestnej kr\u010dmy) a pomen\u00favame na\u0161u dvojku rainteam.<br \/>\nDve noci v Man\u00edne, najhor\u0161ia dr\u017eka dolehlavou a ideme do Batizovskej. Po\u010dasie tutove, \u010cihulov pilier. Petra vrav\u00ed \u017ee jedna z najkraj\u0161\u00edch ciest v Tatr\u00e1ch, ja sa do toho nevyzn\u00e1m. Lezieme e\u0161te na Kostol\u00edk- B\u00e1bovkou. \u010eal\u0161\u00ed de\u0148 d\u00e1vame cestou Komarnick\u00fdch a p\u00e1dime na J\u00e1no\u0161\u00edkov\u00e9 dni. Zase kr\u00e1sna Terchov\u00e1.\n<\/p>\n<p>\n<label style=\"float: left; margin: 1px 10px 1px 0px;\"><img decoding=\"async\" src=\"\/images\/clanky\/tatrypeto\/tatrypeto3.jpg\" width=\"250\"\/><br \/>Obrovsk\u00fd k\u00fat, d\u013a\u017eka za VI- (za sucha)<\/label>V pondelok domov, opra\u0165, osprchova\u0165  a v stredu vyrazi\u0165 smer Skalnat\u00e1 dolina. Na\u0161u t\u00faru vs\u00e1dzame na \u0161tvrtok. Obrovsk\u00fdm k\u00fatom, obrovsky zate\u010den\u00fdm, to Pe\u0165a d\u00e1va jak pan\u00ed. Ja len so stiahnut\u00fdm chvostom doliezam.\n<\/p>\n<p>\nTrvalo n\u00e1m to tro\u0161ku dlh\u0161ie ako sme pl\u00e1novali, <label style=\"float: right; margin: 1px 0px 1px 10px;\"><img decoding=\"async\" src=\"\/images\/clanky\/tatrypeto\/tatrypeto4.jpg\" width=\"180\"\/><br \/>\u013dahk\u00fd exponovan\u00fd ter\u00e9n<br \/>na Vidlovom hrebeni<\/label><label style=\"float: right; margin: 1px 0px 1px 10px;\"><img decoding=\"async\" src=\"\/images\/clanky\/tatrypeto\/tatrypeto5.jpg\" width=\"220\"\/><br \/>vrcholovka mus\u00ed by\u0165<\/label>ale n\u00e1\u0161 pl\u00e1n pokra\u010dova\u0165 Vidlov\u00fdm na Lomni\u010d\u00e1k sa n\u00e1m podaril. A to pivo tam hore maj\u00fa fakt dobr\u00e9. Ktovie \u010di tak chut\u00ed aj t\u00fdm, ktor\u00ed sa vyvez\u00fa lanovkou?\n<\/p>\n<p>\n<label style=\"float: left; margin: 1px 10px 1px 0px;\"><img decoding=\"async\" src=\"\/images\/clanky\/tatrypeto\/tatrypeto6.jpg\" width=\"200\"\/><br \/>Str\u00e1\u017eca skalnatej doliny\/<br \/>Huncovsk\u00fd sluha\/<br \/>Huncovsk\u00fd \u017eobr\u00e1k<\/label><label style=\"float: left; margin: 1px 10px 1px 0px;\"><img decoding=\"async\" src=\"\/images\/clanky\/tatrypeto\/tatrypeto7.jpg\" width=\"230\"\/><br \/>Huncovsk\u00fd&#8230;<\/label>\u010eal\u0161\u00ed de\u0148 puklina v platni na Lomnici (Z), ve\u010der pivko s Tren\u010danmi na skalnatom. (S Pe\u0165ou sa r\u00fdchlo naberaj\u00fa zn\u00e1mosti \ud83d\ude09<br \/>\nSobota bola oddychov\u00e1, dali sme Huncovsk\u00fd takou vymyslenou cestou, nikam sme sa nepon\u00e1h\u013eali, u\u017e\u00edvali si poh\u013eady na Tatry, do ktor\u00fdch som sa zamiloval.\n<\/p>\n<p>\nZo skalnatej sme zbehli na Brn\u010du, pozrie\u0165 zn\u00e1mych a nede\u013ea zas domov opra\u0165, osprchova\u0165&#8230;<br \/>\n\u010eal\u0161\u00ed v\u00fdjazd Volovka. Petra mi oznamuje \u017ee som prvolezec, ona tie klasiky u\u017e m\u00e1 prelezen\u00e9. Hviezdova cesta, E\u0161tok &#8211; Janiga a Moribundus. V\u0161etky cesty 5 hviezdi\u010diek z 5 hviezdi\u010diek, Moribundus je ooove\u013ea \u013eah\u0161\u00ed ako 7-.<br \/>\nLiezlo sa v\u00fdborne, aj napriek mojim &#8218;tatransk\u00fdm lezk\u00e1m&#8216; v\u00e4\u010d\u0161\u00edm ako moja noha.<br \/>\n<label style=\"float: right; margin: 1px 0px 1px 10px;\"><img decoding=\"async\" src=\"\/images\/clanky\/tatrypeto\/tatrypeto8.jpg\" width=\"350\"\/><br \/>Mengusovsk\u00e1 dolina<\/label>\u010eal\u0161\u00ed de\u0148 pr\u0161alo. Premotali sme sa po okol\u00ed \u017eab\u00edch plies. V stredu sme sa vybrali na Mengusovsk\u00fa ve\u017ei\u010dku. Mlad\u00fdm du\u0161iam nad nami a \u013dav\u00fdm okom, v ktorej som si pom\u00fdlil trojkov\u00fd ter\u00e9n so zamachovan\u00fdm previsom asi za 7. Petra to patri\u010dne okomentovala. Vybehli sme e\u0161te na \u010cubrinu a te\u0161ili sa na Petrinu \u0161pecialitu sy\u010diacej kuchyne.<br \/>\n\u0160tvrtok n\u00e1s \u010dakala cesta dole, ale spr\u00edjemnili sme si ju cestou horskej slu\u017eby na Ostrve. Po dlhom tr\u00e1pen\u00ed v k\u013e\u00fa\u010diku prizn\u00e1vam \u017ee na toto e\u0161te nem\u00e1m a zla\u0148ujem zo starej vra\u017edy. Bol som r\u00e1d. 18-ta cesta v Tatr\u00e1ch mi dala ve\u013emi ne\u017ene najavo, \u017ee m\u00f4j hrebienok nesmie by\u0165 vy\u0161\u0161\u00ed ako ten nad Smokovcom.<br \/>\nPo ceste do BA zast\u00e1vka v Tren\u010d\u00edne, stret\u00e1vam Adama a aj Mi\u0161a s Katkou, ideme na Skalku. Skalka je naozaj skalka. Cel\u00fd \u010das som myslel na tie \u017eulov\u00e9 mas\u00edvy, do ktor\u00fdch som sa zamiloval&#8230;\n<\/p>\n<p>\nautor: Peter Kele\u010d\u00edn<\/p>\n","protected":false},"excerpt":{"rendered":"<p>Dlho som u\u017e prem\u00fd\u0161\u013eal nad horolezectvom a dlho ma to l\u00e1kalo. Av\u0161ak za mojich 7 rokov lezenia na skalk\u00e1ch, som mal mo\u017enos\u0165 ok\u00fasi\u0165 taternictvo a\u017e toto leto. Pravdupovediac, dostalo ma to. Bola asi polka j\u00fala, ke\u010f Filozof\u00e1ci organizovali z\u00e1ver kurzu na Brn\u010dalke. Rozbuch ma tam zavolal a ja so zmie\u0161an\u00fdmi pocitmi socky z nejak\u00e9ho CCC &hellip; <a href=\"https:\/\/www.carpathianclimb.sk\/?p=667\" class=\"more-link\">Pokra\u010dova\u0165 na <span class=\"screen-reader-text\">M\u00f4j za\u010diatok v Tatr\u00e1ch<\/span> <span class=\"meta-nav\">&rarr;<\/span><\/a><\/p>\n","protected":false},"author":1,"featured_media":0,"comment_status":"closed","ping_status":"open","sticky":false,"template":"","format":"standard","meta":{"footnotes":""},"categories":[1],"tags":[],"class_list":["post-667","post","type-post","status-publish","format-standard","hentry","category-novinky"],"_links":{"self":[{"href":"https:\/\/www.carpathianclimb.sk\/index.php?rest_route=\/wp\/v2\/posts\/667","targetHints":{"allow":["GET"]}}],"collection":[{"href":"https:\/\/www.carpathianclimb.sk\/index.php?rest_route=\/wp\/v2\/posts"}],"about":[{"href":"https:\/\/www.carpathianclimb.sk\/index.php?rest_route=\/wp\/v2\/types\/post"}],"author":[{"embeddable":true,"href":"https:\/\/www.carpathianclimb.sk\/index.php?rest_route=\/wp\/v2\/users\/1"}],"replies":[{"embeddable":true,"href":"https:\/\/www.carpathianclimb.sk\/index.php?rest_route=%2Fwp%2Fv2%2Fcomments&post=667"}],"version-history":[{"count":23,"href":"https:\/\/www.carpathianclimb.sk\/index.php?rest_route=\/wp\/v2\/posts\/667\/revisions"}],"predecessor-version":[{"id":690,"href":"https:\/\/www.carpathianclimb.sk\/index.php?rest_route=\/wp\/v2\/posts\/667\/revisions\/690"}],"wp:attachment":[{"href":"https:\/\/www.carpathianclimb.sk\/index.php?rest_route=%2Fwp%2Fv2%2Fmedia&parent=667"}],"wp:term":[{"taxonomy":"category","embeddable":true,"href":"https:\/\/www.carpathianclimb.sk\/index.php?rest_route=%2Fwp%2Fv2%2Fcategories&post=667"},{"taxonomy":"post_tag","embeddable":true,"href":"https:\/\/www.carpathianclimb.sk\/index.php?rest_route=%2Fwp%2Fv2%2Ftags&post=667"}],"curies":[{"name":"wp","href":"https:\/\/api.w.org\/{rel}","templated":true}]}}