{"id":767,"date":"2015-09-23T15:42:07","date_gmt":"2015-09-23T13:42:07","guid":{"rendered":"http:\/\/www.carpathianclimb.sk\/?p=767"},"modified":"2015-09-23T16:03:08","modified_gmt":"2015-09-23T14:03:08","slug":"zlanak-2015","status":"publish","type":"post","link":"https:\/\/www.carpathianclimb.sk\/?p=767","title":{"rendered":"Zla\u0148\u00e1k 2015"},"content":{"rendered":"<p><label style=\"float: left; margin: 1px 10px 1px 0px;\"><img decoding=\"async\" src=\"\/images\/clanky\/zlanak.jpg\" width=\"500\"\/><\/label>Jese\u0148 je u\u017e tu a s \u0148ou aj rozl\u00fa\u010dka s letnou lezeckou sez\u00f3nou. Tradi\u010dn\u00e1 akcia <b>POSLEDN\u00c9 ZLANENIE<\/b> je ide\u00e1lnym miestom na utu\u017eenie priate\u013estiev, odovzdanie si sk\u00fasenost\u00ed a z\u00e1\u017eitkov, na nadviazanie nov\u00fdch a ako inak, minim\u00e1lne in\u0161pir\u00e1cia na napl\u00e1novanie nadch\u00e1dzaj\u00facej zimy. <\/p>\n<p>\nZla\u0148\u00e1kom by sme chceli nadviaza\u0165 na \u00faspe\u0161n\u00e9 jarn\u00e9 zob\u00fadzanie bratislavsk\u00fdch klubov (Paj\u0161t\u00fansky Bud\u00ed\u010dek) a umo\u017eni\u0165 sa lezcom znovu stretn\u00fa\u0165 v hojnom po\u010dte. Poz\u00fdvame preto v\u0161etk\u00fdch lezcov hlavne z Bratislavy a bl\u00edzkeho okolia, ale v\u00edtan\u00ed s\u00fa aj v\u0161etci cezpo\u013en\u00ed. <\/p>\n<p>\nPosledn\u00e9 zlanenie sa uskuto\u010dn\u00ed na <b>Paj\u0161t\u00fane<\/b>, v sobotu <b>24. 10. 2015<\/b>, kde si m\u00f4\u017eeme zaliez\u0165 a symbolicky zlani\u0165. Ve\u010dern\u00fd program bude na <b><a href=\"http:\/\/www.chatapodvrchom.sk\" target=\"_blank\">Chate pod vrchom<\/a><\/b> od cca 18:00. <\/p>\n<p>\ncca 9:00 \u2013 18:00 Paj\u0161t\u00fan &#8211; lezenie<br \/>\n18:00 \u2013 19:00 premietanie z leta (bude upresnen\u00e9)<br \/>\n19:00 \u2013 &#8230;   vo\u013en\u00e1 z\u00e1bava<\/p>\n<p>\nMo\u017enos\u0165 ubytovania na <a href=\"http:\/\/www.chatapodvrchom.sk\" target=\"_blank\">Chate pod vrchom<\/a> za v\u00fdhodn\u00fa cenu 10 Eur\/osoba (potrebn\u00e9 si individu\u00e1lne rezervova\u0165 dopredu). Inak je mo\u017enos\u0165 spa\u0165 v stanoch alebo vo vlastn\u00fdch aut\u00e1ch na okolitom priestranstve. <\/p>\n<p>\nPo\u010das d\u0148a bude mo\u017enos\u0165 si objedna\u0165 na ve\u010deru gul\u00e1\u0161 za 3\u20ac\/porcia .<br \/>\nNezabudnite si pribali\u0165 aj nejak\u00fd ten hudobn\u00fd n\u00e1stroj.<br \/>\nAkcia sa kon\u00e1 za ka\u017ed\u00e9ho po\u010dasia<\/p>\n<p>Te\u0161\u00edme sa na v\u00e1s. <\/p>\n<p><b><i>HK Filozof<\/b><\/i> a <b><i>Carpathian climbing club<\/b><\/i><\/p>\n","protected":false},"excerpt":{"rendered":"<p>Jese\u0148 je u\u017e tu a s \u0148ou aj rozl\u00fa\u010dka s letnou lezeckou sez\u00f3nou. Tradi\u010dn\u00e1 akcia POSLEDN\u00c9 ZLANENIE je ide\u00e1lnym miestom na utu\u017eenie priate\u013estiev, odovzdanie si sk\u00fasenost\u00ed a z\u00e1\u017eitkov, na nadviazanie nov\u00fdch a ako inak, minim\u00e1lne in\u0161pir\u00e1cia na napl\u00e1novanie nadch\u00e1dzaj\u00facej zimy. Zla\u0148\u00e1kom by sme chceli nadviaza\u0165 na \u00faspe\u0161n\u00e9 jarn\u00e9 zob\u00fadzanie bratislavsk\u00fdch klubov (Paj\u0161t\u00fansky Bud\u00ed\u010dek) a umo\u017eni\u0165 &hellip; <a href=\"https:\/\/www.carpathianclimb.sk\/?p=767\" class=\"more-link\">Pokra\u010dova\u0165 na <span class=\"screen-reader-text\">Zla\u0148\u00e1k 2015<\/span> <span class=\"meta-nav\">&rarr;<\/span><\/a><\/p>\n","protected":false},"author":1,"featured_media":0,"comment_status":"closed","ping_status":"open","sticky":false,"template":"","format":"standard","meta":{"footnotes":""},"categories":[1],"tags":[],"class_list":["post-767","post","type-post","status-publish","format-standard","hentry","category-novinky"],"_links":{"self":[{"href":"https:\/\/www.carpathianclimb.sk\/index.php?rest_route=\/wp\/v2\/posts\/767","targetHints":{"allow":["GET"]}}],"collection":[{"href":"https:\/\/www.carpathianclimb.sk\/index.php?rest_route=\/wp\/v2\/posts"}],"about":[{"href":"https:\/\/www.carpathianclimb.sk\/index.php?rest_route=\/wp\/v2\/types\/post"}],"author":[{"embeddable":true,"href":"https:\/\/www.carpathianclimb.sk\/index.php?rest_route=\/wp\/v2\/users\/1"}],"replies":[{"embeddable":true,"href":"https:\/\/www.carpathianclimb.sk\/index.php?rest_route=%2Fwp%2Fv2%2Fcomments&post=767"}],"version-history":[{"count":9,"href":"https:\/\/www.carpathianclimb.sk\/index.php?rest_route=\/wp\/v2\/posts\/767\/revisions"}],"predecessor-version":[{"id":776,"href":"https:\/\/www.carpathianclimb.sk\/index.php?rest_route=\/wp\/v2\/posts\/767\/revisions\/776"}],"wp:attachment":[{"href":"https:\/\/www.carpathianclimb.sk\/index.php?rest_route=%2Fwp%2Fv2%2Fmedia&parent=767"}],"wp:term":[{"taxonomy":"category","embeddable":true,"href":"https:\/\/www.carpathianclimb.sk\/index.php?rest_route=%2Fwp%2Fv2%2Fcategories&post=767"},{"taxonomy":"post_tag","embeddable":true,"href":"https:\/\/www.carpathianclimb.sk\/index.php?rest_route=%2Fwp%2Fv2%2Ftags&post=767"}],"curies":[{"name":"wp","href":"https:\/\/api.w.org\/{rel}","templated":true}]}}