{"id":982,"date":"2016-02-12T23:54:47","date_gmt":"2016-02-12T21:54:47","guid":{"rendered":"http:\/\/www.carpathianclimb.sk\/?p=982"},"modified":"2016-06-05T21:22:22","modified_gmt":"2016-06-05T19:22:22","slug":"pajstunsky-budicek","status":"publish","type":"post","link":"https:\/\/www.carpathianclimb.sk\/?p=982","title":{"rendered":"Paj\u0161t\u00fansky bud\u00ed\u010dek"},"content":{"rendered":"<p><label style=\"float: left; margin: 1px 10px 1px 0px;\"><a href=\"\/images\/clanky\/budicek.jpg\" data-rel=\"lightbox-gallery-cHJldHR5UGhvdG9bZ2FsbGVyeS1idWRpazIwMTZd\" data-rl_title=\"\" data-rl_caption=\"\" title=\"\"><img decoding=\"async\" src=\"\/images\/clanky\/budicek.jpg\" style=\"width:250px\"><\/a><\/label> V sobotu 16.4. sa na hrade Paj\u0161t\u00fan uskuto\u010dn\u00ed tradi\u010dn\u00fd jarn\u00fd zraz, s\u00fa\u010das\u0165ou ktor\u00e9ho je aj lezeck\u00fd marat\u00f3n, ktor\u00fd prever\u00ed, \u010do ste v zime robili. Z\u00e1kladnou my\u0161lienkou je v\u0161ak stretn\u00fa\u0165 sa s lezcami z Bratislavy, ale aj s cezpo\u013en\u00fdmi &#8211; na veku, klubovej pr\u00edslu\u0161nosti, v\u00fdkonnosti a pohlav\u00ed nez\u00e1le\u017e\u00ed.<\/p>\n<p>Akcie sa akt\u00edvne z\u00fa\u010dast\u0148ujeme a pom\u00e1hame HK Filozof s organiz\u00e1ciou. Ve\u010der n\u00e1s \u010dak\u00e1 poriadna socializ\u00e1cia na <a href=\"http:\/\/www.chatapodvrchom.sk\" target=\"blank\">Chate pod vrchom<\/a>. Zvykneme za\u010d\u00edna\u0165 motiva\u010dn\u00fdm poseden\u00edm pri fotk\u00e1ch niekoho zo z\u00fa\u010dastnen\u00fdch &#8211; tentokr\u00e1t n\u00e1m Kazo pr\u00edde porozpr\u00e1va\u0165 a odprezentova\u0165 fotky z prvov\u00fdstupu v Patag\u00f3nii &#8211; a pokra\u010dujeme bujarou z\u00e1bavou za doprovodu gitary a r\u00f4znych zvukov, podaktor\u00ed a\u017e do r\u00e1na.<\/p>\n<p>Hne\u010f v nede\u013eu (17.4.) pokra\u010dujeme tie\u017e u\u017e tradi\u010dnou akciou &#8211; Brig\u00e1dou na H\u00e1mroch, ktor\u00fa zastre\u0161uje n\u00e1\u0161 klub. Preto budeme pote\u0161en\u00ed, ak sa do organiz\u00e1cie akt\u00edvne zapoj\u00edte. Po Bud\u00ed\u010dku to bude mo\u017eno o trochu \u0165a\u017e\u0161ie, ale ka\u017ed\u00e1 ruka n\u00e1jde vyu\u017eitie. O presnej\u0161om programe a pr\u00e1cach na H\u00e1mroch sa dohodneme.<\/p>\n<p>Vid\u00edme sa na skal\u00e1ch!<\/p>\n","protected":false},"excerpt":{"rendered":"<p>V sobotu 16.4. sa na hrade Paj\u0161t\u00fan uskuto\u010dn\u00ed tradi\u010dn\u00fd jarn\u00fd zraz, s\u00fa\u010das\u0165ou ktor\u00e9ho je aj lezeck\u00fd marat\u00f3n, ktor\u00fd prever\u00ed, \u010do ste v zime robili. Z\u00e1kladnou my\u0161lienkou je v\u0161ak stretn\u00fa\u0165 sa s lezcami z Bratislavy, ale aj s cezpo\u013en\u00fdmi &#8211; na veku, klubovej pr\u00edslu\u0161nosti, v\u00fdkonnosti a pohlav\u00ed nez\u00e1le\u017e\u00ed. Akcie sa akt\u00edvne z\u00fa\u010dast\u0148ujeme a pom\u00e1hame HK Filozof &hellip; <a href=\"https:\/\/www.carpathianclimb.sk\/?p=982\" class=\"more-link\">Pokra\u010dova\u0165 na <span class=\"screen-reader-text\">Paj\u0161t\u00fansky bud\u00ed\u010dek<\/span> <span class=\"meta-nav\">&rarr;<\/span><\/a><\/p>\n","protected":false},"author":1,"featured_media":0,"comment_status":"closed","ping_status":"open","sticky":false,"template":"","format":"standard","meta":{"footnotes":""},"categories":[1],"tags":[],"class_list":["post-982","post","type-post","status-publish","format-standard","hentry","category-novinky"],"_links":{"self":[{"href":"https:\/\/www.carpathianclimb.sk\/index.php?rest_route=\/wp\/v2\/posts\/982","targetHints":{"allow":["GET"]}}],"collection":[{"href":"https:\/\/www.carpathianclimb.sk\/index.php?rest_route=\/wp\/v2\/posts"}],"about":[{"href":"https:\/\/www.carpathianclimb.sk\/index.php?rest_route=\/wp\/v2\/types\/post"}],"author":[{"embeddable":true,"href":"https:\/\/www.carpathianclimb.sk\/index.php?rest_route=\/wp\/v2\/users\/1"}],"replies":[{"embeddable":true,"href":"https:\/\/www.carpathianclimb.sk\/index.php?rest_route=%2Fwp%2Fv2%2Fcomments&post=982"}],"version-history":[{"count":8,"href":"https:\/\/www.carpathianclimb.sk\/index.php?rest_route=\/wp\/v2\/posts\/982\/revisions"}],"predecessor-version":[{"id":990,"href":"https:\/\/www.carpathianclimb.sk\/index.php?rest_route=\/wp\/v2\/posts\/982\/revisions\/990"}],"wp:attachment":[{"href":"https:\/\/www.carpathianclimb.sk\/index.php?rest_route=%2Fwp%2Fv2%2Fmedia&parent=982"}],"wp:term":[{"taxonomy":"category","embeddable":true,"href":"https:\/\/www.carpathianclimb.sk\/index.php?rest_route=%2Fwp%2Fv2%2Fcategories&post=982"},{"taxonomy":"post_tag","embeddable":true,"href":"https:\/\/www.carpathianclimb.sk\/index.php?rest_route=%2Fwp%2Fv2%2Ftags&post=982"}],"curies":[{"name":"wp","href":"https:\/\/api.w.org\/{rel}","templated":true}]}}