{"id":996,"date":"2016-06-12T22:11:09","date_gmt":"2016-06-12T20:11:09","guid":{"rendered":"http:\/\/www.carpathianclimb.sk\/?p=996"},"modified":"2016-06-12T22:37:07","modified_gmt":"2016-06-12T20:37:07","slug":"nove-povolenie-na-medenych-hamroch","status":"publish","type":"post","link":"https:\/\/www.carpathianclimb.sk\/?p=996","title":{"rendered":"Nov\u00e9 povolenie na Meden\u00fdch H\u00e1mroch"},"content":{"rendered":"<p>Ahoj lezec,<\/p>\n<p>ke\u010f\u017ee sokol\u00edci n\u00e1m u\u017e z hniezda vyleteli, my lezci m\u00f4\u017eme &#8222;vletie\u0165&#8220; do \u010fal\u0161\u00edch sektorov na Meden\u00fdch H\u00e1mroch (<b>tj. lezenie povolen\u00e9 u\u017e vo v\u0161etk\u00fdch sektoroch<\/b>). Na skalu doobeda svieti slnko a po pracovnej dobe za\u010d\u00ednaj\u00fa by\u0165 na\u0161e lezeck\u00e9 \u0161utre pekne v tieni, \u010di\u017ee aj po no\u010dnom da\u017edi si tu na \u010fal\u0161\u00ed de\u0148 pekne zalezie\u0161. <\/p>\n<p>Ke\u010f\u017ee pr\u00e1ce na nov\u00fdch cest\u00e1ch v danej oblasti bud\u00fa v bl\u00edzkej dobe intenz\u00edvne pokra\u010dova\u0165, popros\u00edm \u0164a o re\u0161pektovanie lezecej etiky a nelezenia ciest, v ktor\u00fdch prvom postupovom isten\u00ed (popr. borh\u00e1ku pre isti\u010da) sa nach\u00e1dza prus\u00edk. <\/p>\n<p>\u010eakujem a prajem pekn\u00e9 a bezpe\u010dn\u00e9 lezenie. <\/p>\n<p>spr\u00e1vca <b>aj Tvojich<\/b> Meden\u00fdch H\u00e1mrov<\/p>\n","protected":false},"excerpt":{"rendered":"<p>Ahoj lezec, ke\u010f\u017ee sokol\u00edci n\u00e1m u\u017e z hniezda vyleteli, my lezci m\u00f4\u017eme &#8222;vletie\u0165&#8220; do \u010fal\u0161\u00edch sektorov na Meden\u00fdch H\u00e1mroch (tj. lezenie povolen\u00e9 u\u017e vo v\u0161etk\u00fdch sektoroch). Na skalu doobeda svieti slnko a po pracovnej dobe za\u010d\u00ednaj\u00fa by\u0165 na\u0161e lezeck\u00e9 \u0161utre pekne v tieni, \u010di\u017ee aj po no\u010dnom da\u017edi si tu na \u010fal\u0161\u00ed de\u0148 pekne zalezie\u0161. &hellip; <a href=\"https:\/\/www.carpathianclimb.sk\/?p=996\" class=\"more-link\">Pokra\u010dova\u0165 na <span class=\"screen-reader-text\">Nov\u00e9 povolenie na Meden\u00fdch H\u00e1mroch<\/span> <span class=\"meta-nav\">&rarr;<\/span><\/a><\/p>\n","protected":false},"author":1,"featured_media":0,"comment_status":"closed","ping_status":"open","sticky":false,"template":"","format":"standard","meta":{"footnotes":""},"categories":[1],"tags":[],"class_list":["post-996","post","type-post","status-publish","format-standard","hentry","category-novinky"],"_links":{"self":[{"href":"https:\/\/www.carpathianclimb.sk\/index.php?rest_route=\/wp\/v2\/posts\/996","targetHints":{"allow":["GET"]}}],"collection":[{"href":"https:\/\/www.carpathianclimb.sk\/index.php?rest_route=\/wp\/v2\/posts"}],"about":[{"href":"https:\/\/www.carpathianclimb.sk\/index.php?rest_route=\/wp\/v2\/types\/post"}],"author":[{"embeddable":true,"href":"https:\/\/www.carpathianclimb.sk\/index.php?rest_route=\/wp\/v2\/users\/1"}],"replies":[{"embeddable":true,"href":"https:\/\/www.carpathianclimb.sk\/index.php?rest_route=%2Fwp%2Fv2%2Fcomments&post=996"}],"version-history":[{"count":7,"href":"https:\/\/www.carpathianclimb.sk\/index.php?rest_route=\/wp\/v2\/posts\/996\/revisions"}],"predecessor-version":[{"id":1003,"href":"https:\/\/www.carpathianclimb.sk\/index.php?rest_route=\/wp\/v2\/posts\/996\/revisions\/1003"}],"wp:attachment":[{"href":"https:\/\/www.carpathianclimb.sk\/index.php?rest_route=%2Fwp%2Fv2%2Fmedia&parent=996"}],"wp:term":[{"taxonomy":"category","embeddable":true,"href":"https:\/\/www.carpathianclimb.sk\/index.php?rest_route=%2Fwp%2Fv2%2Fcategories&post=996"},{"taxonomy":"post_tag","embeddable":true,"href":"https:\/\/www.carpathianclimb.sk\/index.php?rest_route=%2Fwp%2Fv2%2Ftags&post=996"}],"curies":[{"name":"wp","href":"https:\/\/api.w.org\/{rel}","templated":true}]}}